{"id":22416,"date":"2020-03-26T10:23:55","date_gmt":"2020-03-26T13:23:55","guid":{"rendered":"https:\/\/www.radioamigavallenar.cl\/?p=22416"},"modified":"2020-03-26T10:23:56","modified_gmt":"2020-03-26T13:23:56","slug":"banco-central-recortaria-la-tasa-de-interes-a-un-minimo-historico-para-combatir-efectos-del-coronavirus","status":"publish","type":"post","link":"https:\/\/www.radioamigavallenar.cl\/?p=22416","title":{"rendered":"Banco Central recortar\u00eda la tasa de inter\u00e9s a un m\u00ednimo hist\u00f3rico para combatir efectos del coronavirus"},"content":{"rendered":"\n<div class=\"wp-block-image\"><figure class=\"aligncenter size-large\"><img loading=\"lazy\" decoding=\"async\" width=\"900\" height=\"600\" src=\"https:\/\/www.radioamigavallenar.cl\/wp-content\/uploads\/2020\/03\/IQQN3XFT3RD4JOFHWBOKAB77A4.jpg\" alt=\"\" class=\"wp-image-22417\" srcset=\"https:\/\/www.radioamigavallenar.cl\/wp-content\/uploads\/2020\/03\/IQQN3XFT3RD4JOFHWBOKAB77A4.jpg 900w, https:\/\/www.radioamigavallenar.cl\/wp-content\/uploads\/2020\/03\/IQQN3XFT3RD4JOFHWBOKAB77A4-300x200.jpg 300w, https:\/\/www.radioamigavallenar.cl\/wp-content\/uploads\/2020\/03\/IQQN3XFT3RD4JOFHWBOKAB77A4-768x512.jpg 768w\" sizes=\"auto, (max-width: 900px) 100vw, 900px\" \/><\/figure><\/div>\n\n\n\n<p><strong>De acuerdo a la Encuesta de Operadores Financieros, dada a conocer este jueves por el instituto emisor, la Tasa de Pol\u00edtica Monetaria bajar\u00eda a 0,5%.<\/strong> <\/p>\n\n\n\n<p>En medio de los esfuerzos de los grandes bancos centrales para inyectar liquidez a los mercados y dar est\u00edmulos a la econom\u00eda con el objeto de combatir los efectos de la propagaci\u00f3n del coronavirus, los operadores financieros proyectaron que el instituto emisor chileno seguir\u00e1 sus pasos y aplicar\u00e1 un nuevo recorte a la tasa de inter\u00e9s en su pr\u00f3xima reuni\u00f3n de pol\u00edtica monetaria que se realizar\u00e1 el 31 de marzo.<\/p>\n\n\n\n<p>De acuerdo a la Encuesta de Operadores Financieros dada a conocer este jueves por el Banco Central,&nbsp;<strong>la entidad reducir\u00eda la Tasa de Pol\u00edtica Monetaria (TPM) en 50 puntos a 0,5%, con lo que \u00e9sta se ubicar\u00eda en niveles m\u00ednimos hist\u00f3ricos no vistos desde el 2009, cuando el mundo enfrentaba la crisis subprime.<\/strong><\/p>\n\n\n\n<p>El movimiento seguir\u00eda al agresivo recorte de 75 puntos que aplic\u00f3 la entidad a mediados de marzo, cuando redujo la TPM a 1%.<\/p>\n\n\n\n<p>Seg\u00fan el sondeo la tasa de inter\u00e9s se mantendr\u00eda en ese nivel al menos hasta septiembre de este a\u00f1o.<\/p>\n\n\n\n<p>De ah\u00ed la TPM tendr\u00eda una trayectoria alcista llegando a 0,75% en marzo de 2021 y a 1,50% en marzo de 2022.<\/p>\n\n\n\n<h2 class=\"has-text-align-center wp-block-heading\">Inflaci\u00f3n y d\u00f3lar<\/h2>\n\n\n\n<p>Seg\u00fan la encuesta el IPC subir\u00eda 0,3% en marzo y registrar\u00eda un aumento de 0,2% en abril y mayo, respectivamente.<\/p>\n\n\n\n<p>En tanto en 12 meses la inflaci\u00f3n alcanzar\u00eda a 2,8% anual y en 24 meses se ubicar\u00eda en 3%.<\/p>\n\n\n\n<p>En cuanto al d\u00f3lar, el sondeo pronostic\u00f3 que se ubicar\u00e1 en $850 tanto en los pr\u00f3ximos 7 d\u00edas como en 28 d\u00edas en adelante.<\/p>\n","protected":false},"excerpt":{"rendered":"<p>De acuerdo a la Encuesta de Operadores Financieros, dada a conocer este jueves por el instituto emisor, la Tasa de Pol\u00edtica Monetaria bajar\u00eda a 0,5%.&hellip; <\/p>\n","protected":false},"author":2,"featured_media":22417,"comment_status":"open","ping_status":"closed","sticky":false,"template":"","format":"standard","meta":{"footnotes":""},"categories":[37],"tags":[],"class_list":["post-22416","post","type-post","status-publish","format-standard","has-post-thumbnail","hentry","category-nacional"],"_links":{"self":[{"href":"https:\/\/www.radioamigavallenar.cl\/index.php?rest_route=\/wp\/v2\/posts\/22416","targetHints":{"allow":["GET"]}}],"collection":[{"href":"https:\/\/www.radioamigavallenar.cl\/index.php?rest_route=\/wp\/v2\/posts"}],"about":[{"href":"https:\/\/www.radioamigavallenar.cl\/index.php?rest_route=\/wp\/v2\/types\/post"}],"author":[{"embeddable":true,"href":"https:\/\/www.radioamigavallenar.cl\/index.php?rest_route=\/wp\/v2\/users\/2"}],"replies":[{"embeddable":true,"href":"https:\/\/www.radioamigavallenar.cl\/index.php?rest_route=%2Fwp%2Fv2%2Fcomments&post=22416"}],"version-history":[{"count":0,"href":"https:\/\/www.radioamigavallenar.cl\/index.php?rest_route=\/wp\/v2\/posts\/22416\/revisions"}],"wp:featuredmedia":[{"embeddable":true,"href":"https:\/\/www.radioamigavallenar.cl\/index.php?rest_route=\/wp\/v2\/media\/22417"}],"wp:attachment":[{"href":"https:\/\/www.radioamigavallenar.cl\/index.php?rest_route=%2Fwp%2Fv2%2Fmedia&parent=22416"}],"wp:term":[{"taxonomy":"category","embeddable":true,"href":"https:\/\/www.radioamigavallenar.cl\/index.php?rest_route=%2Fwp%2Fv2%2Fcategories&post=22416"},{"taxonomy":"post_tag","embeddable":true,"href":"https:\/\/www.radioamigavallenar.cl\/index.php?rest_route=%2Fwp%2Fv2%2Ftags&post=22416"}],"curies":[{"name":"wp","href":"https:\/\/api.w.org\/{rel}","templated":true}]}}