{"id":22413,"date":"2020-03-26T10:01:44","date_gmt":"2020-03-26T13:01:44","guid":{"rendered":"https:\/\/www.radioamigavallenar.cl\/?p=22413"},"modified":"2020-03-26T10:01:46","modified_gmt":"2020-03-26T13:01:46","slug":"cuarentena-ministra-rubilar-anuncia-que-clave-unica-se-podra-obtener-a-traves-de-internet","status":"publish","type":"post","link":"https:\/\/www.radioamigavallenar.cl\/?p=22413","title":{"rendered":"Cuarentena: Ministra Rubilar anuncia que clave \u00fanica se podr\u00e1 obtener a trav\u00e9s de internet"},"content":{"rendered":"\n<div class=\"wp-block-image\"><figure class=\"aligncenter size-large\"><img loading=\"lazy\" decoding=\"async\" width=\"1024\" height=\"683\" src=\"https:\/\/www.radioamigavallenar.cl\/wp-content\/uploads\/2020\/03\/A_UNO_1168899-1024x683.jpg\" alt=\"\" class=\"wp-image-22414\" srcset=\"https:\/\/www.radioamigavallenar.cl\/wp-content\/uploads\/2020\/03\/A_UNO_1168899-1024x683.jpg 1024w, https:\/\/www.radioamigavallenar.cl\/wp-content\/uploads\/2020\/03\/A_UNO_1168899-300x200.jpg 300w, https:\/\/www.radioamigavallenar.cl\/wp-content\/uploads\/2020\/03\/A_UNO_1168899-768x512.jpg 768w, https:\/\/www.radioamigavallenar.cl\/wp-content\/uploads\/2020\/03\/A_UNO_1168899.jpg 1140w\" sizes=\"auto, (max-width: 1024px) 100vw, 1024px\" \/><\/figure><\/div>\n\n\n\n<p>Desde este viernes las personas no tendr\u00e1n que asistir presencialmente a pedir la clave del Registro Civil que permite obtener salvoconductos ante la cuarentena.<\/p>\n\n\n\n<p>La\u00a0Ministra Vocera de Gobierno, Karla Rubilar,\u00a0anunci\u00f3 este mi\u00e9rcoles que\u00a0a partir de este viernes\u00a0todas las personas que a\u00fan no cuenten con su\u00a0clave \u00fanica del Registro Civil podr\u00e1n hacerlo a trav\u00e9s de internet\u00a0de manera que no tengan que asistir en forma presencial a la entidad.<\/p>\n\n\n\n<p>Esto como parte de las medidas que se est\u00e1n adoptando ante la cuarentena decretada en siete comunas de la Regi\u00f3n metropolitana por\u00a0el brote de COVID-19 que est\u00e1 afectando al pa\u00eds y al mundo.<\/p>\n\n\n\n<p>De esta manera las personas obteniendo su clave \u00fanica podr\u00e1n acceder a los diferentes salvoconductos que se pueden obtener a trav\u00e9s de la&nbsp;<a href=\"https:\/\/comisariavirtual.cl\/\">Comisar\u00eda Virtual<\/a>.<\/p>\n\n\n\n<p><strong>\u00abA partir del d\u00eda viernes la clave \u00fanica va a estar de forma remota y no se va necesitar ir al registro civil para obtenerla<\/strong>\u00ab, anunci\u00f3 la Secretaria de Estado.<\/p>\n\n\n\n<p>Los permisos entregados ser\u00e1n para: Ir al supermercado o farmacia (3 horas), pasear a mascotas (20 minutos a dos cuadras a la redonda), ir al m\u00e9dico o ser funcionario p\u00fablico o de servicios esenciales como salud, energ\u00eda o transporte p\u00fablico.<\/p>\n\n\n\n<p>La medida de cuarentena para las siete comunas anunciadas por el Gobierno comenzar\u00e1 a regir\u00a0este jueves a las 22.00 horas<strong>\u00a0<\/strong>y se extender\u00e1 por siete d\u00edas.<\/p>\n\n\n\n<p>Recordemos que las comunas que est\u00e1n dentro de la medida son Lo Barnechea, Las Condes, Vitacura, Providencia, \u00d1u\u00f1oa, Independencia y Santiago.<\/p>\n","protected":false},"excerpt":{"rendered":"<p>Desde este viernes las personas no tendr\u00e1n que asistir presencialmente a pedir la clave del Registro Civil que permite obtener salvoconductos ante la cuarentena. La\u00a0Ministra&hellip; <\/p>\n","protected":false},"author":2,"featured_media":22414,"comment_status":"open","ping_status":"closed","sticky":false,"template":"","format":"standard","meta":{"footnotes":""},"categories":[37],"tags":[],"class_list":["post-22413","post","type-post","status-publish","format-standard","has-post-thumbnail","hentry","category-nacional"],"_links":{"self":[{"href":"https:\/\/www.radioamigavallenar.cl\/index.php?rest_route=\/wp\/v2\/posts\/22413","targetHints":{"allow":["GET"]}}],"collection":[{"href":"https:\/\/www.radioamigavallenar.cl\/index.php?rest_route=\/wp\/v2\/posts"}],"about":[{"href":"https:\/\/www.radioamigavallenar.cl\/index.php?rest_route=\/wp\/v2\/types\/post"}],"author":[{"embeddable":true,"href":"https:\/\/www.radioamigavallenar.cl\/index.php?rest_route=\/wp\/v2\/users\/2"}],"replies":[{"embeddable":true,"href":"https:\/\/www.radioamigavallenar.cl\/index.php?rest_route=%2Fwp%2Fv2%2Fcomments&post=22413"}],"version-history":[{"count":0,"href":"https:\/\/www.radioamigavallenar.cl\/index.php?rest_route=\/wp\/v2\/posts\/22413\/revisions"}],"wp:featuredmedia":[{"embeddable":true,"href":"https:\/\/www.radioamigavallenar.cl\/index.php?rest_route=\/wp\/v2\/media\/22414"}],"wp:attachment":[{"href":"https:\/\/www.radioamigavallenar.cl\/index.php?rest_route=%2Fwp%2Fv2%2Fmedia&parent=22413"}],"wp:term":[{"taxonomy":"category","embeddable":true,"href":"https:\/\/www.radioamigavallenar.cl\/index.php?rest_route=%2Fwp%2Fv2%2Fcategories&post=22413"},{"taxonomy":"post_tag","embeddable":true,"href":"https:\/\/www.radioamigavallenar.cl\/index.php?rest_route=%2Fwp%2Fv2%2Ftags&post=22413"}],"curies":[{"name":"wp","href":"https:\/\/api.w.org\/{rel}","templated":true}]}}