{"id":22392,"date":"2020-03-26T00:00:00","date_gmt":"2020-03-26T03:00:00","guid":{"rendered":"https:\/\/www.radioamigavallenar.cl\/?p=22392"},"modified":"2020-03-25T21:50:12","modified_gmt":"2020-03-26T00:50:12","slug":"bencinas-bajaran-sus-precios-por-tercera-semana-consecutiva","status":"publish","type":"post","link":"https:\/\/www.radioamigavallenar.cl\/?p=22392","title":{"rendered":"Bencinas bajar\u00e1n sus precios por tercera semana consecutiva"},"content":{"rendered":"\n<div class=\"wp-block-image\"><figure class=\"aligncenter size-large\"><img loading=\"lazy\" decoding=\"async\" width=\"950\" height=\"535\" src=\"https:\/\/www.radioamigavallenar.cl\/wp-content\/uploads\/2020\/03\/BENCINAS-2019.jpg\" alt=\"\" class=\"wp-image-22393\" srcset=\"https:\/\/www.radioamigavallenar.cl\/wp-content\/uploads\/2020\/03\/BENCINAS-2019.jpg 950w, https:\/\/www.radioamigavallenar.cl\/wp-content\/uploads\/2020\/03\/BENCINAS-2019-300x169.jpg 300w, https:\/\/www.radioamigavallenar.cl\/wp-content\/uploads\/2020\/03\/BENCINAS-2019-768x433.jpg 768w\" sizes=\"auto, (max-width: 950px) 100vw, 950px\" \/><\/figure><\/div>\n\n\n\n<p>Las gasolinas de 93 y 97 octanos experimentar\u00e1n un descenso de seis pesos por litro.<\/p>\n\n\n\n<p>Por tercera semana consecutiva los precios de la bencina sufrir\u00e1n una nueva ca\u00edda,\u00a0as\u00ed lo confirm\u00f3 este mi\u00e9rcoles la Empresa Nacional del Petr\u00f3leo\u00a0(ENAP).<\/p>\n\n\n\n<p>A partir de hoy jueves, las gasolinas de\u00a093\u00a0y\u00a097\u00a0octanos\u00a0experimentar\u00e1n un descenso de seis pesos por litro.<\/p>\n\n\n\n<p>Asimismo una situaci\u00f3n similar vivir\u00e1 el di\u00e9sel,<strong>\u00a0<\/strong>que tendr\u00e1 una baja de seis pesos por litro.<\/p>\n\n\n\n<p>Se puede consultar&nbsp;<a href=\"http:\/\/bencinaenlinea.cl\/web2\/\" target=\"_blank\" rel=\"noreferrer noopener\">bencinaenlinea.cl<\/a>&nbsp;y&nbsp;<a href=\"http:\/\/parafinaenlinea.cl\/web2\/\" target=\"_blank\" rel=\"noreferrer noopener\">parafinaenlinea.cl<\/a>&nbsp;para conocer los precios de los combustibles.<br><\/p>\n","protected":false},"excerpt":{"rendered":"<p>Las gasolinas de 93 y 97 octanos experimentar\u00e1n un descenso de seis pesos por litro. Por tercera semana consecutiva los precios de la bencina sufrir\u00e1n&hellip; <\/p>\n","protected":false},"author":2,"featured_media":22393,"comment_status":"open","ping_status":"closed","sticky":false,"template":"","format":"standard","meta":{"footnotes":""},"categories":[37],"tags":[],"class_list":["post-22392","post","type-post","status-publish","format-standard","has-post-thumbnail","hentry","category-nacional"],"_links":{"self":[{"href":"https:\/\/www.radioamigavallenar.cl\/index.php?rest_route=\/wp\/v2\/posts\/22392","targetHints":{"allow":["GET"]}}],"collection":[{"href":"https:\/\/www.radioamigavallenar.cl\/index.php?rest_route=\/wp\/v2\/posts"}],"about":[{"href":"https:\/\/www.radioamigavallenar.cl\/index.php?rest_route=\/wp\/v2\/types\/post"}],"author":[{"embeddable":true,"href":"https:\/\/www.radioamigavallenar.cl\/index.php?rest_route=\/wp\/v2\/users\/2"}],"replies":[{"embeddable":true,"href":"https:\/\/www.radioamigavallenar.cl\/index.php?rest_route=%2Fwp%2Fv2%2Fcomments&post=22392"}],"version-history":[{"count":0,"href":"https:\/\/www.radioamigavallenar.cl\/index.php?rest_route=\/wp\/v2\/posts\/22392\/revisions"}],"wp:featuredmedia":[{"embeddable":true,"href":"https:\/\/www.radioamigavallenar.cl\/index.php?rest_route=\/wp\/v2\/media\/22393"}],"wp:attachment":[{"href":"https:\/\/www.radioamigavallenar.cl\/index.php?rest_route=%2Fwp%2Fv2%2Fmedia&parent=22392"}],"wp:term":[{"taxonomy":"category","embeddable":true,"href":"https:\/\/www.radioamigavallenar.cl\/index.php?rest_route=%2Fwp%2Fv2%2Fcategories&post=22392"},{"taxonomy":"post_tag","embeddable":true,"href":"https:\/\/www.radioamigavallenar.cl\/index.php?rest_route=%2Fwp%2Fv2%2Ftags&post=22392"}],"curies":[{"name":"wp","href":"https:\/\/api.w.org\/{rel}","templated":true}]}}