{"id":22389,"date":"2020-03-26T00:00:00","date_gmt":"2020-03-26T03:00:00","guid":{"rendered":"https:\/\/www.radioamigavallenar.cl\/?p=22389"},"modified":"2020-03-25T21:47:22","modified_gmt":"2020-03-26T00:47:22","slug":"conaf-detecta-una-disminucion-permanente-de-guanacos-observados-en-llanos-de-challe","status":"publish","type":"post","link":"https:\/\/www.radioamigavallenar.cl\/?p=22389","title":{"rendered":"Conaf detecta una disminuci\u00f3n permanente de guanacos observados en Llanos de Challe"},"content":{"rendered":"\n<div class=\"wp-block-image\"><figure class=\"aligncenter size-large\"><img loading=\"lazy\" decoding=\"async\" width=\"960\" height=\"489\" src=\"https:\/\/www.radioamigavallenar.cl\/wp-content\/uploads\/2020\/03\/WhatsApp-Image-2020-03-25-at-11.55.47.jpeg\" alt=\"\" class=\"wp-image-22390\" srcset=\"https:\/\/www.radioamigavallenar.cl\/wp-content\/uploads\/2020\/03\/WhatsApp-Image-2020-03-25-at-11.55.47.jpeg 960w, https:\/\/www.radioamigavallenar.cl\/wp-content\/uploads\/2020\/03\/WhatsApp-Image-2020-03-25-at-11.55.47-300x153.jpeg 300w, https:\/\/www.radioamigavallenar.cl\/wp-content\/uploads\/2020\/03\/WhatsApp-Image-2020-03-25-at-11.55.47-768x391.jpeg 768w\" sizes=\"auto, (max-width: 960px) 100vw, 960px\" \/><\/figure><\/div>\n\n\n\n<p class=\"has-text-align-center\"><strong>En el \u00faltimo censo se contabilizaron 221 individuos. La cantidad m\u00e1s baja de los \u00faltimos monitoreos.<\/strong><\/p>\n\n\n\n<p>Una baja permanente en la presencia de guanacos al interior del Parque Nacional Llanos de Challe detect\u00f3 la Corporaci\u00f3n nacional forestal Conaf en los \u00faltimos tres monitoreos realizados por los guardaparques, en el censo de verano se contaron 221 guanacos, el n\u00famero m\u00e1s bajo en 10 a\u00f1os. La especie se encuentra en estado Vulnerable en la regi\u00f3n de Atacama, seg\u00fan el Reglamento de Clasificaci\u00f3n de Especies.<\/p>\n\n\n\n<p>Al respecto el director de Conaf Atacama, H\u00e9ctor Soto se\u00f1al\u00f3 que \u201cdesde el a\u00f1o 2012 en que se contaron 1002 individuos se ha notado una curva descendente, pues al a\u00f1o siguiente fueron 802, el 2018 con 401 y el 2019 tan solo se observaron 263 guanacos. De seguir esta tendencia en seis a\u00f1os ya no ser\u00e1 posible observar guanacos dentro de los l\u00edmites de Llanos de Challe\u201d.<\/p>\n\n\n\n<p class=\"has-text-align-center\"><strong>Acciones de conservaci\u00f3n<\/strong><\/p>\n\n\n\n<p>El objetivo de los monitoreos es determinar el estado de conservaci\u00f3n del guanaco del norte, por lo que es la principal y fundamental herramienta de protecci\u00f3n que permite conocer el estado de la especie en t\u00e9rminos del tama\u00f1o poblacional, la distribuci\u00f3n y la presencia de amenazas.<\/p>\n\n\n\n<p>Los resultados de los monitoreos brindan informaci\u00f3n clave para encaminar las acciones de control y conservaci\u00f3n, relevar las prioridades de investigaci\u00f3n y las necesidades para la gesti\u00f3n de las \u00e1reas protegidas.<\/p>\n\n\n\n<p>\u201cEn la actualidad existe parte de la poblaci\u00f3n que no se compromete con la conservaci\u00f3n de especie a pesar de que se realizan actividades de educaci\u00f3n ambiental, fiscalizaci\u00f3n conjunta con otras instituciones p\u00fablicas tales como el SAG, o la PDI. Tambi\u00e9n se han efectuado puerta a puerta y programas de sensibilizaci\u00f3n en las comunidades, campa\u00f1as de esterilizaci\u00f3n y microchipeo\u201d, puntualiz\u00f3 H\u00e9ctor Soto.<\/p>\n\n\n\n<p>Al respecto el Secretario regional ministerial de Agricultura, Patricio Araya, afirm\u00f3 que \u201cpara el Ministerio de Agricultura la conservaci\u00f3n del guanaco en Atacama es un tema relevante que implica tanto a Conaf como al SAG, no obstante, debido a los recientes resultado de los censos es importante hacer un llamado a la comunidad a la tenencia responsable de sus mascotas, porque la presencia de perros en el parque se hace cada vez m\u00e1s notoria, van fragmentando el territorio del guanaco y lo est\u00e1n desplazando\u201d.<\/p>\n\n\n\n<p class=\"has-text-align-center\"><strong>Perros abandonados<\/strong><\/p>\n\n\n\n<p>En el sector noroeste del Parque, al frente de la comunidad de Carrizal bajo, fue el sector con menor presencia de guanacos debido a la presencia de perros que deambulan en ese sector.<\/p>\n\n\n\n<p>El a\u00f1o pasado con el trabajo realizado con las c\u00e1maras trampas para monitorear la actividad de especies como guanacos, zorros, felinos entre otros, se identific\u00f3 un grupo de perros de raza pastor alem\u00e1n lo cual fue informado al due\u00f1o de los canes, con la finalidad de los pudiera mantenerlos en su hogar.<\/p>\n\n\n\n<p>El mismo a\u00f1o, el equipo de guarda parques al realizar una ruta al interior del parque se encontr\u00f3 con un grupo de nueve perros y en una quebrada aleda\u00f1a la presencia de un guanaco atacado muerto que fue atacado por canes.<\/p>\n","protected":false},"excerpt":{"rendered":"<p>En el \u00faltimo censo se contabilizaron 221 individuos. La cantidad m\u00e1s baja de los \u00faltimos monitoreos. Una baja permanente en la presencia de guanacos al&hellip; <\/p>\n","protected":false},"author":2,"featured_media":22390,"comment_status":"open","ping_status":"closed","sticky":false,"template":"","format":"standard","meta":{"footnotes":""},"categories":[7],"tags":[],"class_list":["post-22389","post","type-post","status-publish","format-standard","has-post-thumbnail","hentry","category-atacama"],"_links":{"self":[{"href":"https:\/\/www.radioamigavallenar.cl\/index.php?rest_route=\/wp\/v2\/posts\/22389","targetHints":{"allow":["GET"]}}],"collection":[{"href":"https:\/\/www.radioamigavallenar.cl\/index.php?rest_route=\/wp\/v2\/posts"}],"about":[{"href":"https:\/\/www.radioamigavallenar.cl\/index.php?rest_route=\/wp\/v2\/types\/post"}],"author":[{"embeddable":true,"href":"https:\/\/www.radioamigavallenar.cl\/index.php?rest_route=\/wp\/v2\/users\/2"}],"replies":[{"embeddable":true,"href":"https:\/\/www.radioamigavallenar.cl\/index.php?rest_route=%2Fwp%2Fv2%2Fcomments&post=22389"}],"version-history":[{"count":0,"href":"https:\/\/www.radioamigavallenar.cl\/index.php?rest_route=\/wp\/v2\/posts\/22389\/revisions"}],"wp:featuredmedia":[{"embeddable":true,"href":"https:\/\/www.radioamigavallenar.cl\/index.php?rest_route=\/wp\/v2\/media\/22390"}],"wp:attachment":[{"href":"https:\/\/www.radioamigavallenar.cl\/index.php?rest_route=%2Fwp%2Fv2%2Fmedia&parent=22389"}],"wp:term":[{"taxonomy":"category","embeddable":true,"href":"https:\/\/www.radioamigavallenar.cl\/index.php?rest_route=%2Fwp%2Fv2%2Fcategories&post=22389"},{"taxonomy":"post_tag","embeddable":true,"href":"https:\/\/www.radioamigavallenar.cl\/index.php?rest_route=%2Fwp%2Fv2%2Ftags&post=22389"}],"curies":[{"name":"wp","href":"https:\/\/api.w.org\/{rel}","templated":true}]}}