{"id":22351,"date":"2020-03-25T00:00:00","date_gmt":"2020-03-25T03:00:00","guid":{"rendered":"https:\/\/www.radioamigavallenar.cl\/?p=22351"},"modified":"2020-03-24T22:25:17","modified_gmt":"2020-03-25T01:25:17","slug":"horario-de-invierno-gobierno-confirma-fecha-de-inicio-y-que-ante-pandemia-el-cambio-sera-util","status":"publish","type":"post","link":"https:\/\/www.radioamigavallenar.cl\/?p=22351","title":{"rendered":"Horario de invierno: Gobierno confirma fecha de inicio y que ante pandemia el cambio ser\u00e1 \u00fatil"},"content":{"rendered":"\n<div class=\"wp-block-image\"><figure class=\"aligncenter size-large\"><img loading=\"lazy\" decoding=\"async\" width=\"750\" height=\"400\" src=\"https:\/\/www.radioamigavallenar.cl\/wp-content\/uploads\/2020\/03\/a_uno_1108401-1-750x400-1.jpg\" alt=\"\" class=\"wp-image-22352\" srcset=\"https:\/\/www.radioamigavallenar.cl\/wp-content\/uploads\/2020\/03\/a_uno_1108401-1-750x400-1.jpg 750w, https:\/\/www.radioamigavallenar.cl\/wp-content\/uploads\/2020\/03\/a_uno_1108401-1-750x400-1-300x160.jpg 300w\" sizes=\"auto, (max-width: 750px) 100vw, 750px\" \/><\/figure><\/div>\n\n\n\n<p>En poco m\u00e1s de una semana culminar\u00e1 el denominado \u201chorario de verano\u201d y comenzar\u00e1 el\u00a0\u201chorario de invierno\u201d.<\/p>\n\n\n\n<p>El Gobierno confirm\u00f3 la fecha de inicio -establecida por decreto- y detall\u00f3 que\u00a0en el contexto de la pandemia este nuevo huso horario podr\u00eda ser de mucha utilidad.<\/p>\n\n\n\n<p>El pr\u00f3ximo s\u00e1bado\u00a04 de abril\u00a0casi todos los chilenos tendr\u00e1n que retrasar en una hora sus relojes conforme a lo estipulado en el Decreto Supremo N\u00b01286.<\/p>\n\n\n\n<p class=\"has-text-align-center\"><strong>El \u201chorario de invierno\u201d se extender\u00e1 por cinco meses.<\/strong><\/p>\n\n\n\n<h2 class=\"has-text-align-center wp-block-heading\">Qu\u00e9 hacer con el reloj el 4 de abril<\/h2>\n\n\n\n<p>-Ese d\u00eda, en&nbsp;Chile Continental (desde Arica y Parinacota hasta Ays\u00e9n)&nbsp;a las 24:00 hora local, se pasar\u00e1 al huso horario UTC-4, o sea,&nbsp;se deber\u00e1 atrasar los relojes en una hora.<\/p>\n\n\n\n<p>-En tanto, en la&nbsp;regi\u00f3n de Magallanes y la Ant\u00e1rtica Chilena&nbsp;se mantendr\u00e1 el huso horario UTC-3. Quienes viven en esas dos zonas&nbsp;no deber\u00e1n modificar sus relojes.<\/p>\n\n\n\n<p>-En&nbsp;Chile Insular Occidental&nbsp;-Rapa Nui e Isla Salas y G\u00f3mez- cuando sean las 22:00 hora local, pasar\u00e1n a huso horario UTC-6, y&nbsp;deber\u00e1n atrasar los relojes en una hora.<\/p>\n\n\n\n<p>El ministro de Energ\u00eda,\u00a0Juan Carlos Jobet, confirm\u00f3 la vigencia del decreto que establece las fechas de cambio de hora en Chile; e indic\u00f3 que el contexto de la pandemia no es raz\u00f3n para modificarlo.<\/p>\n\n\n\n<p>El secretario de Estado explic\u00f3 que incluso este cambio ser\u00e1 beneficioso, ya que se aprovechar\u00e1 la luz del d\u00eda desde m\u00e1s temprano.<\/p>\n\n\n\n<p>\u201cDada la contingencia del Covid-19,\u00a0m\u00e1s luz en la ma\u00f1ana ayudar\u00e1 a quienes est\u00e1n realizando actividades muy valiosas fuera de casa en momentos como estos\u201d, dijo a diario El Mercurio.<\/p>\n\n\n\n<p>Jobet agreg\u00f3 que como se oscurecer\u00e1 antes, ello ayudar\u00e1 a que las personas que salen vuelvan a sus hogares m\u00e1s temprano y eviten actividades \u201cque no son imprescindibles al atardecer\u201d.<\/p>\n","protected":false},"excerpt":{"rendered":"<p>En poco m\u00e1s de una semana culminar\u00e1 el denominado \u201chorario de verano\u201d y comenzar\u00e1 el\u00a0\u201chorario de invierno\u201d. El Gobierno confirm\u00f3 la fecha de inicio -establecida&hellip; <\/p>\n","protected":false},"author":2,"featured_media":22352,"comment_status":"open","ping_status":"closed","sticky":false,"template":"","format":"standard","meta":{"footnotes":""},"categories":[37],"tags":[],"class_list":["post-22351","post","type-post","status-publish","format-standard","has-post-thumbnail","hentry","category-nacional"],"_links":{"self":[{"href":"https:\/\/www.radioamigavallenar.cl\/index.php?rest_route=\/wp\/v2\/posts\/22351","targetHints":{"allow":["GET"]}}],"collection":[{"href":"https:\/\/www.radioamigavallenar.cl\/index.php?rest_route=\/wp\/v2\/posts"}],"about":[{"href":"https:\/\/www.radioamigavallenar.cl\/index.php?rest_route=\/wp\/v2\/types\/post"}],"author":[{"embeddable":true,"href":"https:\/\/www.radioamigavallenar.cl\/index.php?rest_route=\/wp\/v2\/users\/2"}],"replies":[{"embeddable":true,"href":"https:\/\/www.radioamigavallenar.cl\/index.php?rest_route=%2Fwp%2Fv2%2Fcomments&post=22351"}],"version-history":[{"count":0,"href":"https:\/\/www.radioamigavallenar.cl\/index.php?rest_route=\/wp\/v2\/posts\/22351\/revisions"}],"wp:featuredmedia":[{"embeddable":true,"href":"https:\/\/www.radioamigavallenar.cl\/index.php?rest_route=\/wp\/v2\/media\/22352"}],"wp:attachment":[{"href":"https:\/\/www.radioamigavallenar.cl\/index.php?rest_route=%2Fwp%2Fv2%2Fmedia&parent=22351"}],"wp:term":[{"taxonomy":"category","embeddable":true,"href":"https:\/\/www.radioamigavallenar.cl\/index.php?rest_route=%2Fwp%2Fv2%2Fcategories&post=22351"},{"taxonomy":"post_tag","embeddable":true,"href":"https:\/\/www.radioamigavallenar.cl\/index.php?rest_route=%2Fwp%2Fv2%2Ftags&post=22351"}],"curies":[{"name":"wp","href":"https:\/\/api.w.org\/{rel}","templated":true}]}}