{"id":22313,"date":"2020-03-24T09:45:47","date_gmt":"2020-03-24T12:45:47","guid":{"rendered":"https:\/\/www.radioamigavallenar.cl\/?p=22313"},"modified":"2020-03-24T09:45:48","modified_gmt":"2020-03-24T12:45:48","slug":"diputada-cicardini-oficia-a-autoridades-por-prevencion-del-coronavirus-en-faenas-mineras","status":"publish","type":"post","link":"https:\/\/www.radioamigavallenar.cl\/?p=22313","title":{"rendered":"Diputada Cicardini oficia a autoridades por prevenci\u00f3n del Coronavirus en faenas mineras"},"content":{"rendered":"\n<div class=\"wp-block-image\"><figure class=\"aligncenter size-large\"><img loading=\"lazy\" decoding=\"async\" width=\"1024\" height=\"683\" src=\"https:\/\/www.radioamigavallenar.cl\/wp-content\/uploads\/2020\/03\/WhatsApp-Image-2019-08-07-at-4.52.56-PM.jpeg\" alt=\"\" class=\"wp-image-22314\" srcset=\"https:\/\/www.radioamigavallenar.cl\/wp-content\/uploads\/2020\/03\/WhatsApp-Image-2019-08-07-at-4.52.56-PM.jpeg 1024w, https:\/\/www.radioamigavallenar.cl\/wp-content\/uploads\/2020\/03\/WhatsApp-Image-2019-08-07-at-4.52.56-PM-300x200.jpeg 300w, https:\/\/www.radioamigavallenar.cl\/wp-content\/uploads\/2020\/03\/WhatsApp-Image-2019-08-07-at-4.52.56-PM-768x512.jpeg 768w\" sizes=\"auto, (max-width: 1024px) 100vw, 1024px\" \/><\/figure><\/div>\n\n\n\n<p>Conocer los protocolos adoptados por las empresas para impedir la propagaci\u00f3n del Covid-19 entre sus trabajadores y la fiscalizaci\u00f3n a dichas medidas en las faenas mineras de la regi\u00f3n y el pa\u00eds, es el objetivo de los oficios de fiscalizaci\u00f3n de la C\u00e1mara de Diputados solicitados por la diputada por Atacama, (PS) Daniella Cicardini, y dirigidos a autoridades de los ministerios de Salud, Miner\u00eda y Trabajo.<\/p>\n\n\n\n<p>Seg\u00fan detall\u00f3 la parlamentaria, la medida obedece \u201ca la creciente inquietud entre los trabajadores y algunos gremios de la miner\u00eda, que nos han hecho saber su preocupaci\u00f3n por lo que consideran como la debilidad o la falta de medidas adecuadas o insuficientes para garantizar la salud de los mineros\u201d.<\/p>\n\n\n\n<p>\u201cEstamos hablando del riesgo de contagio que implica para los propios trabajadores y trabajadoras, y posteriormente para sus familias o las personas con las que toman contacto, el traslado y la concentraci\u00f3n de miles de ellos que entran o salen de Atacama o de las distintas regiones mineras para cumplir su labor, o que conviven y se re\u00fanen de manera cotidiana en comedores y espacios comunes\u201d.<\/p>\n\n\n\n<p>En esa l\u00ednea, Cicardini subray\u00f3 que \u201cac\u00e1 no puede primar un criterio econ\u00f3mico por sobre la salud y la vida de las y los trabajadores, por lo tanto, junto con pedir a las autoridades pertinentes de Salud y Miner\u00eda que adopten y fiscalicen el cumplimiento de todas las medidas preventivas posibles, llamo tambi\u00e9n a no descartar y evaluar seriamente y de ser necesario una cuarentena y paralizaci\u00f3n solo temporal de faenas, siempre con garant\u00edas laborales para los trabajadores\u201c.<\/p>\n\n\n\n<p>\u201cEsta no es una medida descabellada, es una medida que se adopt\u00f3 por ejemplo en Per\u00fa, en donde se determin\u00f3 detener la actividad minera salvo por labores esenciales que tienen que ver con temas ambientales y de seguridad; por lo que yo creo es una medida que las autoridades no pueden descartar, con todas las diferencias, gradualidad, prevenciones o adaptaciones del caso a nuestra realidad\u201d.<\/p>\n\n\n\n<p>\u201cParalizar acotadamente hoy, d\u00f3nde y cu\u00e1ndo corresponda, puede ser la mejor forma de proteger la actividad y producci\u00f3n minera ma\u00f1ana\u201d, enfatiz\u00f3.<\/p>\n\n\n\n<p>En ese sentido, la diputada Cicardini manifest\u00f3 su preocupaci\u00f3n \u201ccuando conocemos por ejemplo que no existir\u00eda un protocolo preventivo en com\u00fan de esta pandemia, sino que queda a criterio de las distintas empresas\u201d.<\/p>\n\n\n\n<p>&nbsp;\u201cY en el caso de Codelco nos preocupa tambi\u00e9n cuando, a prop\u00f3sito de una reuni\u00f3n de representantes de los trabajadores con el presidente Ejecutivo de la empresa, Codelco sale a confirmar un total consenso respecto a la continuidad de las operaciones, y despu\u00e9s los mismos dirigentes tienen que salir a matizar y reiterar que eso est\u00e1 siempre subordinado a que la empresa d\u00e9 garant\u00edas en cuanto a la salud de los trabajadores, que es el llamado al que nos sumamos.\u201d<\/p>\n\n\n\n<p>Cicardini valor\u00f3 y record\u00f3 adem\u00e1s que han sido los trabajadores, a trav\u00e9s de algunos de sus dirigentes, los que han planteado reforzar medidas y\/o adoptar disposiciones como la toma de temperatura en todas las faenas, limitar el n\u00famero de mineros compartiendo los buses de transporte a los lugares de trabajo, sanitizar regularmente estos veh\u00edculos, as\u00ed como otros espacios compartidos; etc.<\/p>\n","protected":false},"excerpt":{"rendered":"<p>Conocer los protocolos adoptados por las empresas para impedir la propagaci\u00f3n del Covid-19 entre sus trabajadores y la fiscalizaci\u00f3n a dichas medidas en las faenas&hellip; <\/p>\n","protected":false},"author":2,"featured_media":22314,"comment_status":"open","ping_status":"closed","sticky":false,"template":"","format":"standard","meta":{"footnotes":""},"categories":[7,34],"tags":[],"class_list":["post-22313","post","type-post","status-publish","format-standard","has-post-thumbnail","hentry","category-atacama","category-mineria"],"_links":{"self":[{"href":"https:\/\/www.radioamigavallenar.cl\/index.php?rest_route=\/wp\/v2\/posts\/22313","targetHints":{"allow":["GET"]}}],"collection":[{"href":"https:\/\/www.radioamigavallenar.cl\/index.php?rest_route=\/wp\/v2\/posts"}],"about":[{"href":"https:\/\/www.radioamigavallenar.cl\/index.php?rest_route=\/wp\/v2\/types\/post"}],"author":[{"embeddable":true,"href":"https:\/\/www.radioamigavallenar.cl\/index.php?rest_route=\/wp\/v2\/users\/2"}],"replies":[{"embeddable":true,"href":"https:\/\/www.radioamigavallenar.cl\/index.php?rest_route=%2Fwp%2Fv2%2Fcomments&post=22313"}],"version-history":[{"count":0,"href":"https:\/\/www.radioamigavallenar.cl\/index.php?rest_route=\/wp\/v2\/posts\/22313\/revisions"}],"wp:featuredmedia":[{"embeddable":true,"href":"https:\/\/www.radioamigavallenar.cl\/index.php?rest_route=\/wp\/v2\/media\/22314"}],"wp:attachment":[{"href":"https:\/\/www.radioamigavallenar.cl\/index.php?rest_route=%2Fwp%2Fv2%2Fmedia&parent=22313"}],"wp:term":[{"taxonomy":"category","embeddable":true,"href":"https:\/\/www.radioamigavallenar.cl\/index.php?rest_route=%2Fwp%2Fv2%2Fcategories&post=22313"},{"taxonomy":"post_tag","embeddable":true,"href":"https:\/\/www.radioamigavallenar.cl\/index.php?rest_route=%2Fwp%2Fv2%2Ftags&post=22313"}],"curies":[{"name":"wp","href":"https:\/\/api.w.org\/{rel}","templated":true}]}}