{"id":22310,"date":"2020-03-24T09:30:43","date_gmt":"2020-03-24T12:30:43","guid":{"rendered":"https:\/\/www.radioamigavallenar.cl\/?p=22310"},"modified":"2020-03-24T09:30:45","modified_gmt":"2020-03-24T12:30:45","slug":"balance-por-covid-19-entregado-por-el-intendente-de-atacama-hacemos-un-llamado-a-la-calma-y-responsabilidad","status":"publish","type":"post","link":"https:\/\/www.radioamigavallenar.cl\/?p=22310","title":{"rendered":"Balance por Covid-19 entregado por el Intendente de Atacama: \u201chacemos un llamado a la calma y responsabilidad \u201d"},"content":{"rendered":"\n<div class=\"wp-block-image\"><figure class=\"aligncenter size-large\"><img loading=\"lazy\" decoding=\"async\" width=\"1024\" height=\"683\" src=\"https:\/\/www.radioamigavallenar.cl\/wp-content\/uploads\/2020\/03\/Punto-de-prensa-23.03.2020-1024x683.jpeg\" alt=\"\" class=\"wp-image-22311\" srcset=\"https:\/\/www.radioamigavallenar.cl\/wp-content\/uploads\/2020\/03\/Punto-de-prensa-23.03.2020-1024x683.jpeg 1024w, https:\/\/www.radioamigavallenar.cl\/wp-content\/uploads\/2020\/03\/Punto-de-prensa-23.03.2020-300x200.jpeg 300w, https:\/\/www.radioamigavallenar.cl\/wp-content\/uploads\/2020\/03\/Punto-de-prensa-23.03.2020-768x512.jpeg 768w, https:\/\/www.radioamigavallenar.cl\/wp-content\/uploads\/2020\/03\/Punto-de-prensa-23.03.2020.jpeg 1280w\" sizes=\"auto, (max-width: 1024px) 100vw, 1024px\" \/><\/figure><\/div>\n\n\n\n<p>Ayer lunes, el Intendente de Atacama, Patricio Urquieta, junto al Jefe de Defensa Nacional, General Enrique Heyermann, el Seremi de Salud, Basti\u00e1n Hermosilla, y el Director del Servicio de Salud, Claudio Baeza, realizaron un nuevo balance por el virus que ha afectado al mundo y tambi\u00e9n a nuestro pa\u00eds.<\/p>\n\n\n\n<p>El Intendente Urquieta inform\u00f3 que \u201cmantenemos nuestra situaci\u00f3n en cuanto hay solo 1 contagiado en nuestra Regi\u00f3n de Atacama, 59 pruebas descartadas y se mantiene a la espera el resultado del procesamiento de la muestra de 22 personas\u201d.<\/p>\n\n\n\n<p>\u201cEn el Gobierno del Presidente Pi\u00f1era estamos haciendo todo lo que se encuentra a nuestro alcance para poder enfrentar esta crisis sanitaria, recogiendo la opini\u00f3n de los expertos, de los especialistas y la comunidad cient\u00edfica, y tambi\u00e9n las recomendaciones de la Organizaci\u00f3n Mundial de la Salud, en funci\u00f3n de la situaci\u00f3n del pa\u00eds. Queremos hacer un llamado a la calma, a la responsabilidad y a la unidad; ac\u00e1 hay un mando que est\u00e1 ejerciendo el Presidente de la Rep\u00fablica tomando decisiones dif\u00edciles en momentos muy complejos. Hay muchas ideas, son todas buenas, pero se analizan y finalmente se toman decisiones y esas decisiones las toma el Presidente y la autoridad sanitaria\u201d dijo el Intendente de Atacama.<\/p>\n\n\n\n<p class=\"has-text-align-center\"><strong>CENTRO DE BIOMEDICINA UDA<\/strong><\/p>\n\n\n\n<p>Durante la ma\u00f1ana del lunes, las autoridades hicieron un recorrido por el laboratorio que est\u00e1 implementando la Universidad de Atacama para analizar las muestras de Covid-19 en la regi\u00f3n. La primera autoridad regional destac\u00f3 la labor \u201csin duda esto que nos va a brindar m\u00e1s autonom\u00eda para poder descartar lo antes posible a aquellas personas que presenten los s\u00edntomas. Quiero agradecer especialmente el&nbsp; trabajo tanto de los docentes, de los directivos de la universidad, como tambi\u00e9n el dedicado trabajo del Servicio de Salud que ha hecho posible que esta gesti\u00f3n, en conjunto con el Gobierno Regional para efecto de financiar los implementos y los equipamientos con los cuales se est\u00e1 desarrollando esta labor para que se pueda cumplir a cabalidad en beneficio de la comunidad de nuestra regi\u00f3n\u201d.<\/p>\n\n\n\n<p>Al respecto, el Director del Servicio de Salud, Claudio Baeza, dijo que \u201cestamos implementando y es un tremendo avance el que tenemos para la regi\u00f3n en conjunto con la Universidad de Atacama. Esta semana vamos a partir con la toma de ex\u00e1menes ac\u00e1 en la regi\u00f3n, lo que significa disminuir los tiempos de espera para la confirmaci\u00f3n o el descarte de este tipo de pacientes. Asimismo comenzamos con la estrategia de hospitalizaci\u00f3n diferenciada para la atenci\u00f3n de pacientes respiratorios que se hospitalizan en nuestra Red Asistencial\u201d.<\/p>\n\n\n\n<p>El Director de Investigaci\u00f3n de la Universidad de Atacama, C\u00e9sar Echeverr\u00eda, explic\u00f3 que \u201cesto parti\u00f3 como iniciativa desde hace una semana, apoyada por los altos directivos de la universidad y de la regi\u00f3n, con los equipamientos que ten\u00edamos y las capacidades instaladas que ten\u00edamos. Con eso, pudimos armar en el Centro de Biomedicina de la Facultad de Medicina, logramos armar la detecci\u00f3n del Covid-19, adquiriendo previamente el kit, avalado por la CDC de Estados Unidos\u201d.<\/p>\n\n\n\n<p class=\"has-text-align-center\"><strong>CONVENIO CON HOTELES<\/strong><\/p>\n\n\n\n<p>Adem\u00e1s, el Director del Servicio de Salud, dijo que \u201crealizamos un convenio con dos hoteles de la comuna de Copiap\u00f3, un hotel con 35 camas disponibles y otro con 18 camas disponibles. Esto va a permitir que aquellos pacientes que son positivos y requieren estar en aislamiento permitan tenerlo como corresponde, es decir, aquellos adultos mayores que est\u00e1n solos y aquellas personas que no tienen posibilidad de hacer un aislamiento total. Son hoteles que est\u00e1n dispuestos para ello, con alimentaci\u00f3n cuatro veces al d\u00eda y personal de aseo, el convenio comienza a regir desde hoy\u201d<\/p>\n\n\n\n<p class=\"has-text-align-center\"><strong>PRIMERA JORNADA DE TOQUE DE QUEDA<\/strong><\/p>\n\n\n\n<p>El Jefe de Defensa Nacional, General Enrique Heyermann, dijo que la nueva medida que quiz\u00e1s ha llamado la atenci\u00f3n a la poblaci\u00f3n fue la instauraci\u00f3n del toque de queda a partir de las 22:00 horas hasta las 5 de la ma\u00f1ana; esto ser\u00e1 todos los d\u00edas, as\u00ed que hacemos un llamado a la poblaci\u00f3n acatar estas medidas que van directamente a proteger a la poblaci\u00f3n para evitar que se propague el virus y as\u00ed tambi\u00e9n proteger a los sectores m\u00e1s vulnerables. En Atacama solo hubo 7 detenidos.<\/p>\n\n\n\n<p><strong>BARRERAS SANITARIAS<\/strong><\/p>\n\n\n\n<p>El Seremi de Salud, Basti\u00e1n Hermosilla, en tanto dijo que \u201cdesde el viernes se inici\u00f3 la instalaci\u00f3n de una barrera sanitaria en el \u00e1rea sur&nbsp; de Incahuasi, y ayer se logr\u00f3 instalar otra barrera sanitaria en Cha\u00f1aral. Hasta hoy ya van m\u00e1s de 12 mil personas que han sido controladas, en las que solo tuvimos la pesquisa de un paciente con sintomatolog\u00eda asociada al Covid que fue atendida en el Hospital Provincial y est\u00e1 a la espera de su proceso de diagn\u00f3stico.<\/p>\n","protected":false},"excerpt":{"rendered":"<p>Ayer lunes, el Intendente de Atacama, Patricio Urquieta, junto al Jefe de Defensa Nacional, General Enrique Heyermann, el Seremi de Salud, Basti\u00e1n Hermosilla, y el&hellip; <\/p>\n","protected":false},"author":2,"featured_media":22311,"comment_status":"open","ping_status":"closed","sticky":false,"template":"","format":"standard","meta":{"footnotes":""},"categories":[7],"tags":[],"class_list":["post-22310","post","type-post","status-publish","format-standard","has-post-thumbnail","hentry","category-atacama"],"_links":{"self":[{"href":"https:\/\/www.radioamigavallenar.cl\/index.php?rest_route=\/wp\/v2\/posts\/22310","targetHints":{"allow":["GET"]}}],"collection":[{"href":"https:\/\/www.radioamigavallenar.cl\/index.php?rest_route=\/wp\/v2\/posts"}],"about":[{"href":"https:\/\/www.radioamigavallenar.cl\/index.php?rest_route=\/wp\/v2\/types\/post"}],"author":[{"embeddable":true,"href":"https:\/\/www.radioamigavallenar.cl\/index.php?rest_route=\/wp\/v2\/users\/2"}],"replies":[{"embeddable":true,"href":"https:\/\/www.radioamigavallenar.cl\/index.php?rest_route=%2Fwp%2Fv2%2Fcomments&post=22310"}],"version-history":[{"count":0,"href":"https:\/\/www.radioamigavallenar.cl\/index.php?rest_route=\/wp\/v2\/posts\/22310\/revisions"}],"wp:featuredmedia":[{"embeddable":true,"href":"https:\/\/www.radioamigavallenar.cl\/index.php?rest_route=\/wp\/v2\/media\/22311"}],"wp:attachment":[{"href":"https:\/\/www.radioamigavallenar.cl\/index.php?rest_route=%2Fwp%2Fv2%2Fmedia&parent=22310"}],"wp:term":[{"taxonomy":"category","embeddable":true,"href":"https:\/\/www.radioamigavallenar.cl\/index.php?rest_route=%2Fwp%2Fv2%2Fcategories&post=22310"},{"taxonomy":"post_tag","embeddable":true,"href":"https:\/\/www.radioamigavallenar.cl\/index.php?rest_route=%2Fwp%2Fv2%2Ftags&post=22310"}],"curies":[{"name":"wp","href":"https:\/\/api.w.org\/{rel}","templated":true}]}}