{"id":22289,"date":"2020-03-24T00:00:00","date_gmt":"2020-03-24T03:00:00","guid":{"rendered":"https:\/\/www.radioamigavallenar.cl\/?p=22289"},"modified":"2020-03-23T20:51:10","modified_gmt":"2020-03-23T23:51:10","slug":"fesumin-solicita-reforzar-medidas-de-precaucion-en-faenas","status":"publish","type":"post","link":"https:\/\/www.radioamigavallenar.cl\/?p=22289","title":{"rendered":"Fesumin solicita reforzar medidas de precauci\u00f3n en faenas"},"content":{"rendered":"\n<div class=\"wp-block-image\"><figure class=\"aligncenter size-large\"><img loading=\"lazy\" decoding=\"async\" width=\"600\" height=\"400\" src=\"https:\/\/www.radioamigavallenar.cl\/wp-content\/uploads\/2020\/03\/trabajadores-1.jpg\" alt=\"\" class=\"wp-image-22290\" srcset=\"https:\/\/www.radioamigavallenar.cl\/wp-content\/uploads\/2020\/03\/trabajadores-1.jpg 600w, https:\/\/www.radioamigavallenar.cl\/wp-content\/uploads\/2020\/03\/trabajadores-1-300x200.jpg 300w\" sizes=\"auto, (max-width: 600px) 100vw, 600px\" \/><figcaption>30 de marzo de 2016. Division Ventanas de Codelco, catodos en refineria de cobre. Foto: Juan Carlos Recabal<\/figcaption><\/figure><\/div>\n\n\n\n<p>La Federaci\u00f3n de Supervisores de la Miner\u00eda Privada&nbsp;exigi\u00f3 a trav\u00e9s de un petitorio una serie de medidas para que las faenas operen con personal m\u00ednimo, que cumpla exclusivamente funciones cr\u00edticas.<\/p>\n\n\n\n<p>Ante la activaci\u00f3n de la Fase 4 que enfrenta Chile por la pandemia de Covid-19, la\u00a0Federaci\u00f3n de Supervisores de la Miner\u00eda Privada\u00a0(Fesumin), muestra \u201csu preocupaci\u00f3n por todos los trabajadores del pa\u00eds<strong>\u00a0<\/strong>que hoy est\u00e1n en un riesgo inminente y exige, dentro de sus facultades en el rubro, a las compa\u00f1\u00edas mineras y a todas las empresas, que la salud y protecci\u00f3n de los trabajadores sea la prioridad\u201d, declararon.<\/p>\n\n\n\n<p>Pese a la existencia de&nbsp; medidas, Fesumin considera que son a\u00fan insuficientes, citando los art\u00edculos 183 y 184 del C\u00f3digo del Trabajo.<\/p>\n\n\n\n<p>El Art\u00edculo 183-E. establece: \u201cSin perjuicio de las obligaciones de la empresa principal, contratista y subcontratista respecto de sus propios trabajadores en virtud de lo dispuesto en el art\u00edculo 184, la empresa principal deber\u00e1 adoptar las medidas necesarias para proteger eficazmente la vida y salud de todos los trabajadores que laboran en su obra, empresa o faena, cualquiera sea su dependencia\u2026\u201d.<\/p>\n\n\n\n<p>Asimismo, Art\u00edculo 184 bis. se\u00f1ala: \u201cSin perjuicio de lo establecido en el art\u00edculo precedente, cuando en el lugar de trabajo sobrevenga un riesgo grave e inminente para la vida o salud de los trabajadores, el empleador deber\u00e1: b) Adoptar medidas para la suspensi\u00f3n inmediata de las faenas afectadas y la evacuaci\u00f3n de los trabajadores, en caso que el riesgo no se pueda eliminar o atenuar\u201d.<\/p>\n\n\n\n<p>Al respecto, Fesumin declar\u00f3: \u201c<strong>Exigimos que s\u00f3lo se cuente con el personal m\u00ednimo requerido<\/strong>&nbsp;para operar seg\u00fan los trabajos cr\u00edticos establecidos en cada operaci\u00f3n minera\u201d.<\/p>\n\n\n\n<p>Con respecto al personal que quedar\u00eda en faena para ejecutar s\u00f3lo las tareas cr\u00edticas, Fesumin unific\u00f3 criterios y solicit\u00f3 que cada una de las compa\u00f1\u00edas mineras del pa\u00eds, deber\u00eda instaurar las medidas que a continuaci\u00f3n se mencionan.<\/p>\n\n\n\n<h3 class=\"has-text-align-center wp-block-heading\"><strong>Viajes<\/strong><\/h3>\n\n\n\n<p>Suspender todos los viajes internacionales, restricci\u00f3n de viajes nacionales con excepci\u00f3n de los estrictamente necesarios. Viajeros que llegan del extranjero a contar del 1 de marzo, que cumplan cuarentena obligatoria durante 14 d\u00edas.<\/p>\n\n\n\n<h3 class=\"has-text-align-center wp-block-heading\"><strong>En Faena<\/strong><\/h3>\n\n\n\n<p>1.- Suprimir cualquier tipo de saludo con contacto: estrechar la mano, besos en la mejilla, abrazos. Mantener distancia entre trabajadores en todos los espacios.<\/p>\n\n\n\n<p>2.- Realizar sanitizaci\u00f3n en espacios comunes, superficies.<\/p>\n\n\n\n<p>3.- Dispensadores de alcohol gel en todos los lugares que sea necesario.<\/p>\n\n\n\n<p>4.- Suspensi\u00f3n de visitas a faena: con reevaluaci\u00f3n quincenal. Esta medida aplica tanto para personal propio como de empresas colaboradoras, en aquellas funciones que no se consideren cr\u00edticas para el proceso productivo.<\/p>\n\n\n\n<p>5.- Suspender el funcionamiento de pubs, gimnasios y actividades recreativas.<\/p>\n\n\n\n<p>6.-&nbsp; Servicios de alimentaci\u00f3n: restringir al 50% la capacidad de los casinos, espaciar las sillas y mesas, suspender autoservicio, utilizar alcohol gel antes y despu\u00e9s de las comidas, utilizar ciclos de 30 minutos entre grupos de trabajadores para alimentaci\u00f3n, sanitizar entre grupos.<\/p>\n\n\n\n<p>7.- No realizar reuniones en espacios cerrados, no ser m\u00e1s de 30 personas&nbsp; y mantener los espacios al 50% de su capacidad para evitar cercan\u00eda.<\/p>\n\n\n\n<p>8.- Potenciar reuniones v\u00eda skype, videollamadas, zooms.<\/p>\n\n\n\n<p>9.- Llamado a los trabajadores a permanecer en sus habitaciones.<\/p>\n\n\n\n<h3 class=\"has-text-align-center wp-block-heading\"><strong>Teletrabajo&nbsp;<\/strong><\/h3>\n\n\n\n<p>No s\u00f3lo los trabajadores de riesgo, sino que todos aquellos que no sean necesarios en faena para el desarrollo de las m\u00ednima operaci\u00f3n minera, s\u00f3lo para los trabajos cr\u00edticos, puedan realizar trabajo desde sus casas, con los implementos necesarios para desarrollar las mismas tareas correspondientes a sus funciones habituales.<\/p>\n\n\n\n<h3 class=\"has-text-align-center wp-block-heading\"><strong>Trayectos<\/strong><\/h3>\n\n\n\n<p>1.- Utilizar, trabajadores y chofer, mascarillas prove\u00eddas por la Empresa.<\/p>\n\n\n\n<p>2.- Todos los trabajadores deben realizar higiene de manos con alcohol gel a la subida y bajada del bus.<\/p>\n\n\n\n<p>3.- Los trabajadores deben sentarse s\u00f3lo en las filas cercanas a la ventana y dejar pasillos despejados.<\/p>\n\n\n\n<p>4.- Generar lista de trabajadores asociado a cada asiento.<\/p>\n\n\n\n<p>5.- Las personas que deban asistir a faenas deben ser&nbsp; controladas en sus puntos de origen (para transporte dispuesto la empresa) mediante una consulta de su estado de salud y un control de temperatura.<\/p>\n\n\n\n<p>6.- Realizar control de temperatura: aplicada en garita a todo el personal que ingrese a la Operaci\u00f3n, con term\u00f3metros a distancia que detectan niveles de temperatura o cuadros febriles.<\/p>\n\n\n\n<p>7.- Realizar aseo en bus luego de la bajada de los trabajadores (especial atenci\u00f3n en puertas, manillas y pasamanos), mantener ventanas y puertas abiertas para su ventilaci\u00f3n.<\/p>\n\n\n\n<h3 class=\"has-text-align-center wp-block-heading\"><strong>S\u00edntomas<\/strong><\/h3>\n\n\n\n<p>Si los trabajadores presentan s\u00edntomas como fiebre sobre 38\u00b0, malestar general y dificultad para respirar, deben dar aviso a sus supervisores y acudir al centro de salud y evitar realizar sus funciones y entrar en contacto con m\u00e1s personal.<\/p>\n","protected":false},"excerpt":{"rendered":"<p>La Federaci\u00f3n de Supervisores de la Miner\u00eda Privada&nbsp;exigi\u00f3 a trav\u00e9s de un petitorio una serie de medidas para que las faenas operen con personal m\u00ednimo,&hellip; <\/p>\n","protected":false},"author":2,"featured_media":22290,"comment_status":"open","ping_status":"closed","sticky":false,"template":"","format":"standard","meta":{"footnotes":""},"categories":[34,37],"tags":[],"class_list":["post-22289","post","type-post","status-publish","format-standard","has-post-thumbnail","hentry","category-mineria","category-nacional"],"_links":{"self":[{"href":"https:\/\/www.radioamigavallenar.cl\/index.php?rest_route=\/wp\/v2\/posts\/22289","targetHints":{"allow":["GET"]}}],"collection":[{"href":"https:\/\/www.radioamigavallenar.cl\/index.php?rest_route=\/wp\/v2\/posts"}],"about":[{"href":"https:\/\/www.radioamigavallenar.cl\/index.php?rest_route=\/wp\/v2\/types\/post"}],"author":[{"embeddable":true,"href":"https:\/\/www.radioamigavallenar.cl\/index.php?rest_route=\/wp\/v2\/users\/2"}],"replies":[{"embeddable":true,"href":"https:\/\/www.radioamigavallenar.cl\/index.php?rest_route=%2Fwp%2Fv2%2Fcomments&post=22289"}],"version-history":[{"count":0,"href":"https:\/\/www.radioamigavallenar.cl\/index.php?rest_route=\/wp\/v2\/posts\/22289\/revisions"}],"wp:featuredmedia":[{"embeddable":true,"href":"https:\/\/www.radioamigavallenar.cl\/index.php?rest_route=\/wp\/v2\/media\/22290"}],"wp:attachment":[{"href":"https:\/\/www.radioamigavallenar.cl\/index.php?rest_route=%2Fwp%2Fv2%2Fmedia&parent=22289"}],"wp:term":[{"taxonomy":"category","embeddable":true,"href":"https:\/\/www.radioamigavallenar.cl\/index.php?rest_route=%2Fwp%2Fv2%2Fcategories&post=22289"},{"taxonomy":"post_tag","embeddable":true,"href":"https:\/\/www.radioamigavallenar.cl\/index.php?rest_route=%2Fwp%2Fv2%2Ftags&post=22289"}],"curies":[{"name":"wp","href":"https:\/\/api.w.org\/{rel}","templated":true}]}}