{"id":22286,"date":"2020-03-24T00:00:00","date_gmt":"2020-03-24T03:00:00","guid":{"rendered":"https:\/\/www.radioamigavallenar.cl\/?p=22286"},"modified":"2020-03-23T20:47:40","modified_gmt":"2020-03-23T23:47:40","slug":"ministerio-de-las-culturas-invita-a-revisar-cartelera-digital-para-ninos-y-ninas-durante-la-cuarentena","status":"publish","type":"post","link":"https:\/\/www.radioamigavallenar.cl\/?p=22286","title":{"rendered":"Ministerio de las Culturas invita a revisar cartelera digital para ni\u00f1os y ni\u00f1as durante la cuarentena"},"content":{"rendered":"\n<div class=\"wp-block-image\"><figure class=\"aligncenter size-large\"><img loading=\"lazy\" decoding=\"async\" width=\"800\" height=\"600\" src=\"https:\/\/www.radioamigavallenar.cl\/wp-content\/uploads\/2020\/03\/PAPEL.jpg\" alt=\"\" class=\"wp-image-22287\" srcset=\"https:\/\/www.radioamigavallenar.cl\/wp-content\/uploads\/2020\/03\/PAPEL.jpg 800w, https:\/\/www.radioamigavallenar.cl\/wp-content\/uploads\/2020\/03\/PAPEL-300x225.jpg 300w, https:\/\/www.radioamigavallenar.cl\/wp-content\/uploads\/2020\/03\/PAPEL-768x576.jpg 768w\" sizes=\"auto, (max-width: 800px) 100vw, 800px\" \/><\/figure><\/div>\n\n\n\n<p>D<strong>escarga gratuita de libros y pel\u00edculas, manualidades y mucho m\u00e1s son parte de la oferta disponible para que los m\u00e1s peque\u00f1os de la casa disfruten desde el hogar.<\/strong><\/p>\n\n\n\n<p>Apenas hab\u00edan iniciado el a\u00f1o escolar y tuvieron que regresar a sus casas en medio de la emergencia sanitaria, que oblig\u00f3 al pa\u00eds a extremar las medidas de resguardo para evitar el avance del COVID-19. Desde entonces, los ni\u00f1os, ni\u00f1as y j\u00f3venes est\u00e1n cumpliendo con sus labores escolares desde el hogar, pero adem\u00e1s est\u00e1n buscando alternativas para ocupar su tiempo.<\/p>\n\n\n\n<p>\u00bfQu\u00e9 pueden hacer? El Ministerio de las Culturas, las Artes y el Patrimonio invita a las familias a revisar la nutrida cartelera de actividades disponible en&nbsp;<a href=\"http:\/\/eligecultura.cl\/\">eligecultura.cl<\/a>, plataforma colaborativa que bajo la modalidad #EligeCulturaEnCasa re\u00fane las m\u00e1s variadas alternativas art\u00edsticas y culturales en formato digital.<\/p>\n\n\n\n<p>\u201cDe ahora en adelante debemos ser responsables e inculcar en los ni\u00f1os y ni\u00f1as seguir disfrutando del arte y la cultura pero desde la comodidad y la seguridad del hogar. Las alternativas son muchas. Con solo hacer un click podr\u00e1n disfrutar de una buena pel\u00edcula en Ondamedia.cl, descargar sus&nbsp;&nbsp; libros favoritos en la Biblioteca P\u00fablica Digital, y una serie de otros panoramas ideales para disfrutar en familia. Me hubiera encantado que todas estas tecnolog\u00edas hubieran existido cuando yo era ni\u00f1a. No solo se trata de herramientas educativas, sino que tambi\u00e9n de verdaderos soportes de entretenci\u00f3n\u201d, dice la ministra de las Culturas, las Artes y el Patrimonio, Consuelo Vald\u00e9s.<\/p>\n\n\n\n<p>Para los que prefieren el cine, la plataforma Ondamedia.cl, que tambi\u00e9n est\u00e1 disponible en una aplicaci\u00f3n para celulares Android e iOS, tiene disponibles m\u00e1s de 300 pel\u00edculas gratuitas y con acceso liberado (las veces que quieran). En la secci\u00f3n de Cortos y Animaci\u00f3n est\u00e1 el premiado cortometraje&nbsp;<a href=\"https:\/\/eligecultura.gob.cl\/virtual-tours\/49\/\">\u201cCantar con sentido\u201d<\/a>,&nbsp;que cuenta la vida y obra de Violeta Parra animada en stop motion, y otros t\u00edtulos como \u201cW.A.R.F\u201d o \u201cMari Mari\u201d.<\/p>\n","protected":false},"excerpt":{"rendered":"<p>Descarga gratuita de libros y pel\u00edculas, manualidades y mucho m\u00e1s son parte de la oferta disponible para que los m\u00e1s peque\u00f1os de la casa disfruten&hellip; <\/p>\n","protected":false},"author":2,"featured_media":22287,"comment_status":"open","ping_status":"closed","sticky":false,"template":"","format":"standard","meta":{"footnotes":""},"categories":[37],"tags":[],"class_list":["post-22286","post","type-post","status-publish","format-standard","has-post-thumbnail","hentry","category-nacional"],"_links":{"self":[{"href":"https:\/\/www.radioamigavallenar.cl\/index.php?rest_route=\/wp\/v2\/posts\/22286","targetHints":{"allow":["GET"]}}],"collection":[{"href":"https:\/\/www.radioamigavallenar.cl\/index.php?rest_route=\/wp\/v2\/posts"}],"about":[{"href":"https:\/\/www.radioamigavallenar.cl\/index.php?rest_route=\/wp\/v2\/types\/post"}],"author":[{"embeddable":true,"href":"https:\/\/www.radioamigavallenar.cl\/index.php?rest_route=\/wp\/v2\/users\/2"}],"replies":[{"embeddable":true,"href":"https:\/\/www.radioamigavallenar.cl\/index.php?rest_route=%2Fwp%2Fv2%2Fcomments&post=22286"}],"version-history":[{"count":0,"href":"https:\/\/www.radioamigavallenar.cl\/index.php?rest_route=\/wp\/v2\/posts\/22286\/revisions"}],"wp:featuredmedia":[{"embeddable":true,"href":"https:\/\/www.radioamigavallenar.cl\/index.php?rest_route=\/wp\/v2\/media\/22287"}],"wp:attachment":[{"href":"https:\/\/www.radioamigavallenar.cl\/index.php?rest_route=%2Fwp%2Fv2%2Fmedia&parent=22286"}],"wp:term":[{"taxonomy":"category","embeddable":true,"href":"https:\/\/www.radioamigavallenar.cl\/index.php?rest_route=%2Fwp%2Fv2%2Fcategories&post=22286"},{"taxonomy":"post_tag","embeddable":true,"href":"https:\/\/www.radioamigavallenar.cl\/index.php?rest_route=%2Fwp%2Fv2%2Ftags&post=22286"}],"curies":[{"name":"wp","href":"https:\/\/api.w.org\/{rel}","templated":true}]}}