{"id":22280,"date":"2020-03-24T00:00:00","date_gmt":"2020-03-24T03:00:00","guid":{"rendered":"https:\/\/www.radioamigavallenar.cl\/?p=22280"},"modified":"2020-03-23T20:41:14","modified_gmt":"2020-03-23T23:41:14","slug":"ips-atacama-extienden-plazo-de-poderes-para-cobro-de-pensiones","status":"publish","type":"post","link":"https:\/\/www.radioamigavallenar.cl\/?p=22280","title":{"rendered":"IPS Atacama extienden plazo de poderes para cobro de pensiones"},"content":{"rendered":"\n<div class=\"wp-block-image\"><figure class=\"aligncenter size-large\"><img loading=\"lazy\" decoding=\"async\" width=\"640\" height=\"428\" src=\"https:\/\/www.radioamigavallenar.cl\/wp-content\/uploads\/2020\/03\/Mar\u00eda-Carapelle-y-Carlos-Gaudino_APSV_2018.jpg\" alt=\"\" class=\"wp-image-22281\" srcset=\"https:\/\/www.radioamigavallenar.cl\/wp-content\/uploads\/2020\/03\/Mar\u00eda-Carapelle-y-Carlos-Gaudino_APSV_2018.jpg 640w, https:\/\/www.radioamigavallenar.cl\/wp-content\/uploads\/2020\/03\/Mar\u00eda-Carapelle-y-Carlos-Gaudino_APSV_2018-300x201.jpg 300w\" sizes=\"auto, (max-width: 640px) 100vw, 640px\" \/><\/figure><\/div>\n\n\n\n<p>El IPS informa que para todos los poderes de cobro de pensiones y beneficios que hayan caducado o caduquen entre el 1 de marzo y el 31 de octubre de 2020, se les extiende su vigencia autom\u00e1ticamente por 1 a\u00f1o m\u00e1s.<\/p>\n\n\n\n<p>Para beneficiar a nuestros adultos mayores y enfrentar de mejor manera la actual contingencia, el Instituto de Previsi\u00f3n Social (IPS) ha tomado una medida administrativa extraordinaria que permitir\u00e1 ampliar la vigencia de los poderes actuales, y que ten\u00edan fecha de vencimiento entre el 1 de marzo y el 31 de octubre de 2020, en forma autom\u00e1tica por 1 a\u00f1o m\u00e1s.<\/p>\n\n\n\n<p>\u201cEstamos estudiando todas las situaciones y tomando las medidas necesarias para que los adultos mayores no tengan problemas para recibir sus pensiones o beneficios, por eso anunciamos esta nueva disposici\u00f3n con el firme compromiso de protegerlos ante la crisis sanitaria que vive el pa\u00eds y el mundo\u201d, coment\u00f3 el Seremi del Trabajo y Previsi\u00f3n Social, Carlos Leal Varas.<\/p>\n\n\n\n<p>Por su parte, el asesor jur\u00eddico de IPS Atacama, Roberto D\u00edaz Lastarria, se\u00f1al\u00f3 explic\u00f3 que \u201cPor norma general los poderes para cobro de beneficios tienen una duraci\u00f3n de 2 a\u00f1os y pueden ser revocados en cualquier momento. Ante la necesidad de evitar que las personas que tengan poderes por&nbsp;&nbsp;vencer acudan a las oficinas de IPS, se ha dispuesto la renovaci\u00f3n autom\u00e1tica del documento\u201d.<\/p>\n\n\n\n<p>Adem\u00e1s, desde IPS se\u00f1alaron que existe otra disposici\u00f3n puesta al alcance de la ciudadan\u00eda a partir de ahora, es una medida de excepci\u00f3n que durar\u00e1 mientras se mantenga el estado de emergencia. Se trata del tr\u00e1mite de&nbsp;autorizaci\u00f3n de nuevos poderes o mandatos&nbsp;para el cobro de beneficios que entrega IPS, esto significa que un adulto mayor no acude a cobrar su pensi\u00f3n en forma personal a un centro de pagos, sino que delega esa atribuci\u00f3n a otra persona.<\/p>\n\n\n\n<p>Esta gesti\u00f3n habitualmente y por regla tambi\u00e9n se hace en forma presencial, en donde acude el pensionado y la persona a la que se le otorgar\u00e1 el poder para retirar el beneficio a una de las sucursales de IPS y realizan el tr\u00e1mite, pero dadas las circunstancias la instituci\u00f3n busca evitar que los adultos mayores salgan de sus domicilios.<\/p>\n\n\n\n<p>Para solicitar esta autorizaci\u00f3n de nuevo poder, el apoderado deber\u00e1 acudir a una sucursal ChileAtiende y presentar las c\u00e9dulas de identidad de ambas personas, pensionado titular y apoderado. Se aceptar\u00e1n carn\u00e9 que est\u00e9n vencidos, pero solo hasta un a\u00f1o. Este poder especial tendr\u00e1 una&nbsp;duraci\u00f3n de 6 meses&nbsp;a contar de la fecha en que se emita, luego de eso se deber\u00e1 hacer el procedimiento normal que rige para este tipo de actos y que detallamos anteriormente.<\/p>\n\n\n\n<p>Con estas medidas el Gobierno est\u00e1 favoreciendo al segmento m\u00e1s vulnerable que se ve afectado por la situaci\u00f3n sanitaria que afrontamos, nuestros adultos mayores. Gracias a esto, ellos no tendr\u00e1n que salir de sus casas a exponerse para hacer el tr\u00e1mite de renovaci\u00f3n ni de autorizaci\u00f3n de poderes en forma presencial.<\/p>\n\n\n\n<p>Para m\u00e1s informaci\u00f3n, inquietudes o consultas, est\u00e1n disponibles las redes las redes sociales&nbsp;ChileAtiende en Facebook, Twitter e Instagram&nbsp;y el&nbsp;Call Center 101.<\/p>\n","protected":false},"excerpt":{"rendered":"<p>El IPS informa que para todos los poderes de cobro de pensiones y beneficios que hayan caducado o caduquen entre el 1 de marzo y&hellip; <\/p>\n","protected":false},"author":2,"featured_media":22281,"comment_status":"open","ping_status":"closed","sticky":false,"template":"","format":"standard","meta":{"footnotes":""},"categories":[7],"tags":[],"class_list":["post-22280","post","type-post","status-publish","format-standard","has-post-thumbnail","hentry","category-atacama"],"_links":{"self":[{"href":"https:\/\/www.radioamigavallenar.cl\/index.php?rest_route=\/wp\/v2\/posts\/22280","targetHints":{"allow":["GET"]}}],"collection":[{"href":"https:\/\/www.radioamigavallenar.cl\/index.php?rest_route=\/wp\/v2\/posts"}],"about":[{"href":"https:\/\/www.radioamigavallenar.cl\/index.php?rest_route=\/wp\/v2\/types\/post"}],"author":[{"embeddable":true,"href":"https:\/\/www.radioamigavallenar.cl\/index.php?rest_route=\/wp\/v2\/users\/2"}],"replies":[{"embeddable":true,"href":"https:\/\/www.radioamigavallenar.cl\/index.php?rest_route=%2Fwp%2Fv2%2Fcomments&post=22280"}],"version-history":[{"count":0,"href":"https:\/\/www.radioamigavallenar.cl\/index.php?rest_route=\/wp\/v2\/posts\/22280\/revisions"}],"wp:featuredmedia":[{"embeddable":true,"href":"https:\/\/www.radioamigavallenar.cl\/index.php?rest_route=\/wp\/v2\/media\/22281"}],"wp:attachment":[{"href":"https:\/\/www.radioamigavallenar.cl\/index.php?rest_route=%2Fwp%2Fv2%2Fmedia&parent=22280"}],"wp:term":[{"taxonomy":"category","embeddable":true,"href":"https:\/\/www.radioamigavallenar.cl\/index.php?rest_route=%2Fwp%2Fv2%2Fcategories&post=22280"},{"taxonomy":"post_tag","embeddable":true,"href":"https:\/\/www.radioamigavallenar.cl\/index.php?rest_route=%2Fwp%2Fv2%2Ftags&post=22280"}],"curies":[{"name":"wp","href":"https:\/\/api.w.org\/{rel}","templated":true}]}}