{"id":22277,"date":"2020-03-23T11:58:42","date_gmt":"2020-03-23T14:58:42","guid":{"rendered":"https:\/\/www.radioamigavallenar.cl\/?p=22277"},"modified":"2020-03-23T11:58:43","modified_gmt":"2020-03-23T14:58:43","slug":"confirman-segunda-muerte-en-chile-por-coronavirus","status":"publish","type":"post","link":"https:\/\/www.radioamigavallenar.cl\/?p=22277","title":{"rendered":"Confirman segunda muerte en Chile por coronavirus"},"content":{"rendered":"\n<div class=\"wp-block-image\"><figure class=\"aligncenter size-large\"><img loading=\"lazy\" decoding=\"async\" width=\"940\" height=\"585\" src=\"https:\/\/www.radioamigavallenar.cl\/wp-content\/uploads\/2020\/03\/CORONAVIRUS-10.jpg\" alt=\"\" class=\"wp-image-22278\" srcset=\"https:\/\/www.radioamigavallenar.cl\/wp-content\/uploads\/2020\/03\/CORONAVIRUS-10.jpg 940w, https:\/\/www.radioamigavallenar.cl\/wp-content\/uploads\/2020\/03\/CORONAVIRUS-10-300x187.jpg 300w, https:\/\/www.radioamigavallenar.cl\/wp-content\/uploads\/2020\/03\/CORONAVIRUS-10-768x478.jpg 768w\" sizes=\"auto, (max-width: 940px) 100vw, 940px\" \/><\/figure><\/div>\n\n\n\n<p><strong>Seg\u00fan indic\u00f3 el Ministerio de Salud, se trata de&nbsp;una paciente adulta mayor, que padec\u00eda de c\u00e1ncer.<\/strong><\/p>\n\n\n\n<p>El&nbsp;<strong>Ministerio de Salud confirm\u00f3 este lunes la segunda muerte en Chile a ra\u00edz de la pandemia de coronavirus COVID-19.<\/strong><\/p>\n\n\n\n<p>Seg\u00fan indic\u00f3 la cartera a trav\u00e9s de su cuenta de Twitter, se trata de una paciente adulta mayor, que padec\u00eda de c\u00e1ncer.<\/p>\n\n\n\n<p>Recordar que lo anunciado es la segunda v\u00edctima fatal en el pa\u00eds por la enfermedad, siendo la otra una mujer de 82 a\u00f1os, residente de Renca, quien perdi\u00f3 la vida el pasado 21 de marzo.<\/p>\n\n\n\n<p>Ma\u00f1alich indic\u00f3 que la v\u00edctima ten\u00eda\u00a0m\u00faltiples patolog\u00edas y estaba postrada,\u00a0y que el pasado 17 de marzo fue diagnosticada por la enfermedad luego de someterse a un examen.<\/p>\n\n\n\n<p><strong>\u00abTuvo un cuadro benigno a pesar de su condici\u00f3n de base que incluye enfermedad pulmonar cr\u00f3nica\u00bb<\/strong>, agreg\u00f3 Ma\u00f1alich.<\/p>\n\n\n\n<p>No obstante, destac\u00f3 que \u00ab<strong>hoy en la madrugada, habi\u00e9ndose considerado la opci\u00f3n de trasladarla, su estado empeor\u00f3 y se tom\u00f3 la decisi\u00f3n de cuidarla de forma paliativa y no entubarla\u00bb<\/strong>, pero que la evoluci\u00f3n no fue la esperada.<\/p>\n","protected":false},"excerpt":{"rendered":"<p>Seg\u00fan indic\u00f3 el Ministerio de Salud, se trata de&nbsp;una paciente adulta mayor, que padec\u00eda de c\u00e1ncer. El&nbsp;Ministerio de Salud confirm\u00f3 este lunes la segunda muerte&hellip; <\/p>\n","protected":false},"author":2,"featured_media":22278,"comment_status":"open","ping_status":"closed","sticky":false,"template":"","format":"standard","meta":{"footnotes":""},"categories":[37],"tags":[],"class_list":["post-22277","post","type-post","status-publish","format-standard","has-post-thumbnail","hentry","category-nacional"],"_links":{"self":[{"href":"https:\/\/www.radioamigavallenar.cl\/index.php?rest_route=\/wp\/v2\/posts\/22277","targetHints":{"allow":["GET"]}}],"collection":[{"href":"https:\/\/www.radioamigavallenar.cl\/index.php?rest_route=\/wp\/v2\/posts"}],"about":[{"href":"https:\/\/www.radioamigavallenar.cl\/index.php?rest_route=\/wp\/v2\/types\/post"}],"author":[{"embeddable":true,"href":"https:\/\/www.radioamigavallenar.cl\/index.php?rest_route=\/wp\/v2\/users\/2"}],"replies":[{"embeddable":true,"href":"https:\/\/www.radioamigavallenar.cl\/index.php?rest_route=%2Fwp%2Fv2%2Fcomments&post=22277"}],"version-history":[{"count":0,"href":"https:\/\/www.radioamigavallenar.cl\/index.php?rest_route=\/wp\/v2\/posts\/22277\/revisions"}],"wp:featuredmedia":[{"embeddable":true,"href":"https:\/\/www.radioamigavallenar.cl\/index.php?rest_route=\/wp\/v2\/media\/22278"}],"wp:attachment":[{"href":"https:\/\/www.radioamigavallenar.cl\/index.php?rest_route=%2Fwp%2Fv2%2Fmedia&parent=22277"}],"wp:term":[{"taxonomy":"category","embeddable":true,"href":"https:\/\/www.radioamigavallenar.cl\/index.php?rest_route=%2Fwp%2Fv2%2Fcategories&post=22277"},{"taxonomy":"post_tag","embeddable":true,"href":"https:\/\/www.radioamigavallenar.cl\/index.php?rest_route=%2Fwp%2Fv2%2Ftags&post=22277"}],"curies":[{"name":"wp","href":"https:\/\/api.w.org\/{rel}","templated":true}]}}