{"id":22274,"date":"2020-03-23T10:22:05","date_gmt":"2020-03-23T13:22:05","guid":{"rendered":"https:\/\/www.radioamigavallenar.cl\/?p=22274"},"modified":"2020-03-23T10:22:07","modified_gmt":"2020-03-23T13:22:07","slug":"seremi-del-medio-ambiente-en-atacama-conmemora-el-dia-mundial-del-agua","status":"publish","type":"post","link":"https:\/\/www.radioamigavallenar.cl\/?p=22274","title":{"rendered":"Seremi del Medio Ambiente en Atacama conmemora el D\u00eda Mundial del Agua"},"content":{"rendered":"\n<div class=\"wp-block-image\"><figure class=\"aligncenter size-large\"><img loading=\"lazy\" decoding=\"async\" width=\"675\" height=\"364\" src=\"https:\/\/www.radioamigavallenar.cl\/wp-content\/uploads\/2020\/03\/agua.png\" alt=\"\" class=\"wp-image-22275\" srcset=\"https:\/\/www.radioamigavallenar.cl\/wp-content\/uploads\/2020\/03\/agua.png 675w, https:\/\/www.radioamigavallenar.cl\/wp-content\/uploads\/2020\/03\/agua-300x162.png 300w\" sizes=\"auto, (max-width: 675px) 100vw, 675px\" \/><\/figure><\/div>\n\n\n\n<p><strong>La autoridad ambiental invit\u00f3 a la ciudadan\u00eda de Atacama a tomar conciencia de la importancia del recurso h\u00eddrico para todas las personas que compartimos y habitamos en nuestra regi\u00f3n.<\/strong><\/p>\n\n\n\n<p>Este domingo 22 de Marzo 2020, en el marco de la conmemoraci\u00f3n del D\u00eda Mundial del Agua, el Seremi del Medio Ambiente, Guillermo Ready hizo una invitaci\u00f3n para que toda la ciudadan\u00eda de Atacama se haga parte del cuidado de este recurso, fundamental para la vida en nuestro planeta y especialmente en la Regi\u00f3n de Atacama, dado el escenario de escasez h\u00eddrica y las consecuencias del cambio clim\u00e1tico.<\/p>\n\n\n\n<p>El D\u00eda Mundial del Agua fue instaurado en 1992 por la Asamblea General de las Naciones Unidas, que defini\u00f3 esta fecha para relevar el car\u00e1cter vital de este elemento y la importancia de resguardarlo.<\/p>\n\n\n\n<p>En esa l\u00ednea, el Seremi Guillermo Ready, explic\u00f3 que \u201cel agua es uno de los recursos naturales m\u00e1s escasos e importantes que tenemos en el mundo. Cuidar el agua es fundamental y todos podemos promover acciones para cuidar el planeta y combatir el cambio clim\u00e1tico\u201d.<\/p>\n\n\n\n<p>El Seremi Ready destac\u00f3 que en Atacama, por ser una regi\u00f3n des\u00e9rtica, el agua es fundamental para la vida diaria de las personas y la biodiversidad que existe en diferentes r\u00edos y humedales ubicados tanto en el sector altoandino como costero de la regi\u00f3n.<\/p>\n\n\n\n<p>El Seremi Ready recalc\u00f3 que \u201cactualmente se trabaja en la elaboraci\u00f3n de la Norma Secundaria de Calidad Ambiental de la Cuenca del R\u00edo Huasco, para la protecci\u00f3n de los ecosistemas acu\u00e1ticos existentes en dicha cuenca, incluyendo ecosistemas de gran valor ecol\u00f3gico, que junto al recurso h\u00eddrico prestan importantes servicios ecosist\u00e9micos a las comunidades que all\u00ed habitan o a los diferentes sectores productivos que desarrollan sus actividades econ\u00f3micas\u201d.<\/p>\n\n\n\n<p>La Autoridad Ambiental se\u00f1al\u00f3 que existe un compromiso del Presidente Pi\u00f1era en relaci\u00f3n al cuidado del recurso h\u00eddrico y a la calidad del mismo, lo que es fundamental para poder avanzar hacia un desarrollo m\u00e1s sustentable de la regi\u00f3n.<\/p>\n\n\n\n<p>Otra de las iniciativas que ha realizado la Seremi es que a mediados del a\u00f1o pasado el Comit\u00e9 de Ministros para la Sustentabilidad vot\u00f3 a favor de la declaraci\u00f3n como Santuario de la Naturaleza el Humedal Costero de Carrizal Bajo, por lo que se espera culmine pronto su tramitaci\u00f3n, que significar\u00e1 tener una nueva \u00e1rea protegida en la Regi\u00f3n de Atacama. Su declaraci\u00f3n implica una serie de compromisos legales y ambientales para avanzar en su conservaci\u00f3n y resguardo.<\/p>\n\n\n\n<p>El Seremi Ready destac\u00f3 que \u201cpor otro lado, en la Regi\u00f3n de Atacama existen una limitada cantidad de humedales, los que se encuentran principalmente asociados a ecosistemas nivales y fluviales y donde se destacan como humedales urbanos, los asociados a las ciudades de Copiap\u00f3 con el Parque Kaukari, la desembocadura del R\u00edo Huasco y el Paseo Ribere\u00f1o de Vallenar, que podr\u00e1n ser prontamente protegidos por la Ley de Humedales Urbanos que fue aprobada hace algunos meses\u201d.<\/p>\n\n\n\n<p>\u201cEstos ecosistemas son altamente vulnerables, en especial frente a factores de amenaza como las pr\u00e1cticas no sustentables y el cambio clim\u00e1tico. Los humedales costeros se encuentran en una condici\u00f3n cr\u00edtica; hay una disminuci\u00f3n del recurso h\u00eddrico, detect\u00e1ndose p\u00e9rdida o disminuci\u00f3n de la poblaci\u00f3n de especies nativas y de anfibios, por lo que es imprescindible protegerlos\u201d, aclar\u00f3 la Autoridad.<\/p>\n\n\n\n<p>Por \u00faltimo, el Seremi Ready invit\u00f3 a la ciudadan\u00eda de Atacama, en el D\u00eda Mundial del Agua, a tomar conciencia de la importancia del recurso h\u00eddrico, se\u00f1alando que \u201ccon peque\u00f1as acciones podemos ayudar a cuidar y ser m\u00e1s eficientes en el uso diario del agua, en especial en nuestra regi\u00f3n donde el agua es fundamental para la vida diaria de las personas y para el cuidado de los ecosistemas\u201d, finaliz\u00f3 la autoridad ambiental.<\/p>\n","protected":false},"excerpt":{"rendered":"<p>La autoridad ambiental invit\u00f3 a la ciudadan\u00eda de Atacama a tomar conciencia de la importancia del recurso h\u00eddrico para todas las personas que compartimos y&hellip; <\/p>\n","protected":false},"author":2,"featured_media":22275,"comment_status":"open","ping_status":"closed","sticky":false,"template":"","format":"standard","meta":{"footnotes":""},"categories":[7,1],"tags":[],"class_list":["post-22274","post","type-post","status-publish","format-standard","has-post-thumbnail","hentry","category-atacama","category-provincia-del-huasco-2"],"_links":{"self":[{"href":"https:\/\/www.radioamigavallenar.cl\/index.php?rest_route=\/wp\/v2\/posts\/22274","targetHints":{"allow":["GET"]}}],"collection":[{"href":"https:\/\/www.radioamigavallenar.cl\/index.php?rest_route=\/wp\/v2\/posts"}],"about":[{"href":"https:\/\/www.radioamigavallenar.cl\/index.php?rest_route=\/wp\/v2\/types\/post"}],"author":[{"embeddable":true,"href":"https:\/\/www.radioamigavallenar.cl\/index.php?rest_route=\/wp\/v2\/users\/2"}],"replies":[{"embeddable":true,"href":"https:\/\/www.radioamigavallenar.cl\/index.php?rest_route=%2Fwp%2Fv2%2Fcomments&post=22274"}],"version-history":[{"count":0,"href":"https:\/\/www.radioamigavallenar.cl\/index.php?rest_route=\/wp\/v2\/posts\/22274\/revisions"}],"wp:featuredmedia":[{"embeddable":true,"href":"https:\/\/www.radioamigavallenar.cl\/index.php?rest_route=\/wp\/v2\/media\/22275"}],"wp:attachment":[{"href":"https:\/\/www.radioamigavallenar.cl\/index.php?rest_route=%2Fwp%2Fv2%2Fmedia&parent=22274"}],"wp:term":[{"taxonomy":"category","embeddable":true,"href":"https:\/\/www.radioamigavallenar.cl\/index.php?rest_route=%2Fwp%2Fv2%2Fcategories&post=22274"},{"taxonomy":"post_tag","embeddable":true,"href":"https:\/\/www.radioamigavallenar.cl\/index.php?rest_route=%2Fwp%2Fv2%2Ftags&post=22274"}],"curies":[{"name":"wp","href":"https:\/\/api.w.org\/{rel}","templated":true}]}}