{"id":22269,"date":"2020-03-23T09:50:26","date_gmt":"2020-03-23T12:50:26","guid":{"rendered":"https:\/\/www.radioamigavallenar.cl\/?p=22269"},"modified":"2020-03-23T09:50:28","modified_gmt":"2020-03-23T12:50:28","slug":"alcalde-cristian-tapia-pide-que-empresas-mineras-se-sumen-a-la-tarea-preventiva-y-detengan-sus-faenas-lo-mas-pronto-posible","status":"publish","type":"post","link":"https:\/\/www.radioamigavallenar.cl\/?p=22269","title":{"rendered":"Alcalde Cristian Tapia pide que empresas mineras se sumen a la tarea preventiva y detengan sus faenas lo m\u00e1s pronto posible"},"content":{"rendered":"\n<div class=\"wp-block-image\"><figure class=\"aligncenter size-large is-resized\"><img loading=\"lazy\" decoding=\"async\" src=\"https:\/\/www.radioamigavallenar.cl\/wp-content\/uploads\/2020\/03\/ALCALDE-TAPIA-629x1024.jpg\" alt=\"\" class=\"wp-image-22271\" width=\"485\" height=\"789\" srcset=\"https:\/\/www.radioamigavallenar.cl\/wp-content\/uploads\/2020\/03\/ALCALDE-TAPIA-629x1024.jpg 629w, https:\/\/www.radioamigavallenar.cl\/wp-content\/uploads\/2020\/03\/ALCALDE-TAPIA-184x300.jpg 184w, https:\/\/www.radioamigavallenar.cl\/wp-content\/uploads\/2020\/03\/ALCALDE-TAPIA.jpg 720w\" sizes=\"auto, (max-width: 485px) 100vw, 485px\" \/><\/figure><\/div>\n\n\n\n<p>El alcalde Cristian Tapia expres\u00f3 abiertamente, una vez m\u00e1s, su preocupaci\u00f3n por la salud de los trabajadores de la gran miner\u00eda que laboran en la zona, como as\u00ed tambi\u00e9n por la posibilidad que puedan ser potenciales trasmisores del virus, por sus constantes desplazamientos y trabajo grupal, por lo que llam\u00f3 a las empresas mineras a sumarse de manera efectiva en las tareas de prevenci\u00f3n en que est\u00e1 empe\u00f1ado el municipio a su cargo y la comunidad vallenarina en general.<\/p>\n\n\n\n<p>\u201cCreo que las grandes mineras tienen que paralizar sus faenas por un tiempo determinado. Aqu\u00ed en Vallenar tenemos trabajadores que salen a cumplir su trabajo en otras regiones, especialmente al norte, y deben ir y venir. permanecen siete d\u00edas en sus turnos, se tienen que subir a un bus de m\u00e1s de 40 pasajeros, llegan a sus faenas, comparten un comedor con 500 compa\u00f1eros de trabajo y, por ende, no podemos seguir corriendo el riesgo de la salud de esos trabajadores, de sus propias familias y de toda la comunidad. Por eso creo que las mineras tienen que detener sus faenas por un tiempo determinado\u201d, precis\u00f3.<\/p>\n\n\n\n<p>Por tal raz\u00f3n, el alcalde Tapia Ramos anticip\u00f3 que tiene agendado reunirse en el transcurso de la presente semana con el ministro de Miner\u00eda, Baldo Prokurica, para plantearle \u201ccon mucha fuerza\u201d la necesidad de proteger a la gente.<\/p>\n\n\n\n<figure class=\"wp-block-audio\"><audio controls src=\"https:\/\/www.radioamigavallenar.cl\/wp-content\/uploads\/2020\/03\/alcalde-de-Vallenar-por-faenas.mp3\"><\/audio><\/figure>\n\n\n\n<p class=\"has-text-align-center\"><strong>REUNIONES CON GREMIOS<\/strong><\/p>\n\n\n\n<p>Por otra parte, el alcalde de Vallenar, manifest\u00f3 su preocupaci\u00f3n por la situaci\u00f3n socioecon\u00f3mica que afronta aquella gente que genera sus ingresos diariamente, en forma independiente y que hoy no lo puede hacer. \u201cEstamos teniendo reuniones con diversos gremios, para ver c\u00f3mo solucionamos los problemas de quienes trabajan en la locomoci\u00f3n colectiva, en las ferias libres, y en el comercio libre y ambulante, a trav\u00e9s de las medidas econ\u00f3micas que estableci\u00f3 el gobierno la semana pasada\u201d, concluy\u00f3.<\/p>\n","protected":false},"excerpt":{"rendered":"<p>El alcalde Cristian Tapia expres\u00f3 abiertamente, una vez m\u00e1s, su preocupaci\u00f3n por la salud de los trabajadores de la gran miner\u00eda que laboran en la&hellip; <\/p>\n","protected":false},"author":2,"featured_media":22271,"comment_status":"open","ping_status":"closed","sticky":false,"template":"","format":"standard","meta":{"footnotes":""},"categories":[1,2],"tags":[],"class_list":["post-22269","post","type-post","status-publish","format-standard","has-post-thumbnail","hentry","category-provincia-del-huasco-2","category-vallenar"],"_links":{"self":[{"href":"https:\/\/www.radioamigavallenar.cl\/index.php?rest_route=\/wp\/v2\/posts\/22269","targetHints":{"allow":["GET"]}}],"collection":[{"href":"https:\/\/www.radioamigavallenar.cl\/index.php?rest_route=\/wp\/v2\/posts"}],"about":[{"href":"https:\/\/www.radioamigavallenar.cl\/index.php?rest_route=\/wp\/v2\/types\/post"}],"author":[{"embeddable":true,"href":"https:\/\/www.radioamigavallenar.cl\/index.php?rest_route=\/wp\/v2\/users\/2"}],"replies":[{"embeddable":true,"href":"https:\/\/www.radioamigavallenar.cl\/index.php?rest_route=%2Fwp%2Fv2%2Fcomments&post=22269"}],"version-history":[{"count":0,"href":"https:\/\/www.radioamigavallenar.cl\/index.php?rest_route=\/wp\/v2\/posts\/22269\/revisions"}],"wp:featuredmedia":[{"embeddable":true,"href":"https:\/\/www.radioamigavallenar.cl\/index.php?rest_route=\/wp\/v2\/media\/22271"}],"wp:attachment":[{"href":"https:\/\/www.radioamigavallenar.cl\/index.php?rest_route=%2Fwp%2Fv2%2Fmedia&parent=22269"}],"wp:term":[{"taxonomy":"category","embeddable":true,"href":"https:\/\/www.radioamigavallenar.cl\/index.php?rest_route=%2Fwp%2Fv2%2Fcategories&post=22269"},{"taxonomy":"post_tag","embeddable":true,"href":"https:\/\/www.radioamigavallenar.cl\/index.php?rest_route=%2Fwp%2Fv2%2Ftags&post=22269"}],"curies":[{"name":"wp","href":"https:\/\/api.w.org\/{rel}","templated":true}]}}