{"id":22249,"date":"2020-03-23T00:00:00","date_gmt":"2020-03-23T03:00:00","guid":{"rendered":"https:\/\/www.radioamigavallenar.cl\/?p=22249"},"modified":"2020-03-22T23:11:46","modified_gmt":"2020-03-23T02:11:46","slug":"oms-advierte-a-los-jovenes-que-no-son-inmunes-al-covid-19","status":"publish","type":"post","link":"https:\/\/www.radioamigavallenar.cl\/?p=22249","title":{"rendered":"OMS advierte a los j\u00f3venes que no son inmunes al covid-19"},"content":{"rendered":"\n<div class=\"wp-block-image\"><figure class=\"aligncenter size-large\"><img loading=\"lazy\" decoding=\"async\" width=\"1024\" height=\"576\" src=\"https:\/\/www.radioamigavallenar.cl\/wp-content\/uploads\/2020\/03\/J\u00f3venes-de-festejo-en-Nice-1024x576.jpg\" alt=\"\" class=\"wp-image-22250\" srcset=\"https:\/\/www.radioamigavallenar.cl\/wp-content\/uploads\/2020\/03\/J\u00f3venes-de-festejo-en-Nice-1024x576.jpg 1024w, https:\/\/www.radioamigavallenar.cl\/wp-content\/uploads\/2020\/03\/J\u00f3venes-de-festejo-en-Nice-300x169.jpg 300w, https:\/\/www.radioamigavallenar.cl\/wp-content\/uploads\/2020\/03\/J\u00f3venes-de-festejo-en-Nice-768x432.jpg 768w, https:\/\/www.radioamigavallenar.cl\/wp-content\/uploads\/2020\/03\/J\u00f3venes-de-festejo-en-Nice.jpg 1140w\" sizes=\"auto, (max-width: 1024px) 100vw, 1024px\" \/><\/figure><\/div>\n\n\n\n<p>La Organizaci\u00f3n Mundial de la Salud advirti\u00f3 a los j\u00f3venes que no est\u00e1n exentos de contraer el nuevo coronavirus y padecer con severidad la neumon\u00eda que provoca, covid-19. \u00abEste virus podr\u00eda llevarlos al hospital durante semanas o incluso matarlos\u00bb, dijo el director general de la OMS, Tedros Adhanom Ghebreyesus.<\/p>\n\n\n\n<p>La Organizaci\u00f3n Mundial de la Salud advirti\u00f3 este viernes a los j\u00f3venes que no est\u00e1n exentos de contraer el nuevo coronavirus y padecer con severidad la neumon\u00eda que provoca, covid-19.<\/p>\n\n\n\n<p>\u00abEste virus podr\u00eda llevarlos al hospital durante semanas o incluso matarlos\u00bb, dijo el director general de la OMS, Tedros Adhanom Ghebreyesus.<\/p>\n\n\n\n<p>Adem\u00e1s, Ghebreyesus advirti\u00f3 de que aunque en algunos casos no vayan a sufrir m\u00e1s que s\u00edntomas leves, lo que hagan muchos j\u00f3venes puede<strong>\u00a0s<\/strong>er \u00abla diferencia entre la vida y la muerte para otra persona\u00bb.<\/p>\n\n\n\n<p>Hasta el viernes 20 de marzo, m\u00e1s de 11.000 personas murieron a causa de la enfermedad covid-19 en todo el mundo.<\/p>\n\n\n\n<p>Y m\u00e1s de 260.000 pacientes dieron positivo en las pruebas del nuevo coronavirus.<\/p>\n\n\n\n<ul class=\"wp-block-list\"><li>Italia alcanza un nuevo r\u00e9cord al registrar 627 muertos por coronavirus en un d\u00eda<\/li><li>Coronavirus: \u00bfcu\u00e1ndo terminar\u00e1 el brote y volver\u00e1 todo a la normalidad?<\/li><\/ul>\n\n\n\n<p>Las declaraciones del jefe de la OMS surgen luego de informaciones de que j\u00f3venes en muchos pa\u00edses no siguen las advertencias de salud de las autoridades debido a que la mayor\u00eda de las v\u00edctimas del virus son pacientes mayores.<\/p>\n\n\n\n<p>El brote de coronavirus se registr\u00f3 por primera vez en China en diciembre. Pero el centro de la pandemia pas\u00f3 a Europa, con Italia como el pa\u00eds que m\u00e1s muertes ha registrado.<\/p>\n","protected":false},"excerpt":{"rendered":"<p>La Organizaci\u00f3n Mundial de la Salud advirti\u00f3 a los j\u00f3venes que no est\u00e1n exentos de contraer el nuevo coronavirus y padecer con severidad la neumon\u00eda&hellip; <\/p>\n","protected":false},"author":2,"featured_media":22250,"comment_status":"open","ping_status":"closed","sticky":false,"template":"","format":"standard","meta":{"footnotes":""},"categories":[37],"tags":[],"class_list":["post-22249","post","type-post","status-publish","format-standard","has-post-thumbnail","hentry","category-nacional"],"_links":{"self":[{"href":"https:\/\/www.radioamigavallenar.cl\/index.php?rest_route=\/wp\/v2\/posts\/22249","targetHints":{"allow":["GET"]}}],"collection":[{"href":"https:\/\/www.radioamigavallenar.cl\/index.php?rest_route=\/wp\/v2\/posts"}],"about":[{"href":"https:\/\/www.radioamigavallenar.cl\/index.php?rest_route=\/wp\/v2\/types\/post"}],"author":[{"embeddable":true,"href":"https:\/\/www.radioamigavallenar.cl\/index.php?rest_route=\/wp\/v2\/users\/2"}],"replies":[{"embeddable":true,"href":"https:\/\/www.radioamigavallenar.cl\/index.php?rest_route=%2Fwp%2Fv2%2Fcomments&post=22249"}],"version-history":[{"count":0,"href":"https:\/\/www.radioamigavallenar.cl\/index.php?rest_route=\/wp\/v2\/posts\/22249\/revisions"}],"wp:featuredmedia":[{"embeddable":true,"href":"https:\/\/www.radioamigavallenar.cl\/index.php?rest_route=\/wp\/v2\/media\/22250"}],"wp:attachment":[{"href":"https:\/\/www.radioamigavallenar.cl\/index.php?rest_route=%2Fwp%2Fv2%2Fmedia&parent=22249"}],"wp:term":[{"taxonomy":"category","embeddable":true,"href":"https:\/\/www.radioamigavallenar.cl\/index.php?rest_route=%2Fwp%2Fv2%2Fcategories&post=22249"},{"taxonomy":"post_tag","embeddable":true,"href":"https:\/\/www.radioamigavallenar.cl\/index.php?rest_route=%2Fwp%2Fv2%2Ftags&post=22249"}],"curies":[{"name":"wp","href":"https:\/\/api.w.org\/{rel}","templated":true}]}}