{"id":22240,"date":"2020-03-23T00:00:00","date_gmt":"2020-03-23T03:00:00","guid":{"rendered":"https:\/\/www.radioamigavallenar.cl\/?p=22240"},"modified":"2020-03-22T23:06:17","modified_gmt":"2020-03-23T02:06:17","slug":"faena-caserones-de-minera-lumina-copper-chile-informa-disminucion-temporal-de-dotacion-en-su-operacion","status":"publish","type":"post","link":"https:\/\/www.radioamigavallenar.cl\/?p=22240","title":{"rendered":"Faena Caserones de Minera Lumina Copper Chile informa disminuci\u00f3n temporal de dotaci\u00f3n en su Operaci\u00f3n"},"content":{"rendered":"\n<div class=\"wp-block-image\"><figure class=\"aligncenter size-large\"><img loading=\"lazy\" decoding=\"async\" width=\"800\" height=\"600\" src=\"https:\/\/www.radioamigavallenar.cl\/wp-content\/uploads\/2020\/03\/MINERIA.jpg\" alt=\"\" class=\"wp-image-22241\" srcset=\"https:\/\/www.radioamigavallenar.cl\/wp-content\/uploads\/2020\/03\/MINERIA.jpg 800w, https:\/\/www.radioamigavallenar.cl\/wp-content\/uploads\/2020\/03\/MINERIA-300x225.jpg 300w, https:\/\/www.radioamigavallenar.cl\/wp-content\/uploads\/2020\/03\/MINERIA-768x576.jpg 768w\" sizes=\"auto, (max-width: 800px) 100vw, 800px\" \/><\/figure><\/div>\n\n\n\n<p><strong>Medida tiene como objetivo prevenir la propagaci\u00f3n del Coronavirus, COVID-19.<\/strong><\/p>\n\n\n\n<p>En atenci\u00f3n a la emergencia sanitaria decretada por el Ministerio de Salud por la pandemia del virus Coronavirus, Covid-19,&nbsp;y&nbsp;con el objetivo de resguardar la salud de las personas que trabajan en la operaci\u00f3n de Caserones, Minera Lumina Copper Chile informa que se ha decidido profundizar en la medida de disminuir el n\u00famero de trabajadores en faena, conforme a lo siguiente:<\/p>\n\n\n\n<p>Si bien hasta hoy, domingo 22 de marzo, no se ha registrado ning\u00fan caso de Covid-19 en la empresa, se ha decidido seguir reduciendo gradualmente la cantidad de personal -directo y de empresas colaboradoras- buscando llegar a un nivel promedio de 50% de la dotaci\u00f3n total de Operaciones, en forma eficiente y r\u00e1pida.<\/p>\n\n\n\n<p>Como ya se ha informado, esta medida \u2013que se une a las ya tomadas- tiene por objeto:<strong>\u00a0<\/strong><\/p>\n\n\n\n<p><strong>i)<\/strong>\u00a0reforzar la prevenci\u00f3n y protecci\u00f3n de la salud de las personas que laboran en Caserones, mitigando las probabilidades de contagio<\/p>\n\n\n\n<p><strong>ii)<\/strong>\u00a0disminuir el n\u00famero de personas transportadas entre ciudades (favoreciendo la mano de obra local)<\/p>\n\n\n\n<p><strong>iii)<\/strong>\u00a0buscar un nivel de funcionamiento que asegure estabilidad de procesos cr\u00edticos que no pueden dejar de ser atendidos\u00a0<\/p>\n\n\n\n<p><strong>iv)<\/strong>\u00a0transitar de una forma gradual y coordinada con las empresas colaboradoras, para estar a la brevedad en condiciones de tomar otras medidas que puedan ser necesarias, dependiendo c\u00f3mo evolucione esta pandemia.<\/p>\n\n\n\n<p>Como consecuencia de lo anterior, el nivel de actividad en la faena se reducir\u00e1 a\u00fan m\u00e1s, velando por mantener el foco en la seguridad y salud de las personas, el cuidado del el medio ambiente, y la estabilidad de los procesos, en este nuevo escenario que impone el COVID-19.<\/p>\n\n\n\n<p>Esta medida de mayor disminuci\u00f3n de personal ser\u00e1 coordinada -como han sido con las anteriores- con cada empresa colaboradora, dependiendo su quehacer, conscientes todos que ante una situaci\u00f3n sanitaria de fuerza mayor, se requiere tomar acciones de resguardo y prevenci\u00f3n de manera decidida.<\/p>\n\n\n\n<p>De forma paralela se continuar\u00e1 con la medida de trabajo a distancia en oficinas de Copiap\u00f3 y Santiago, evitando la concurrencia de personal a estas dependencias, como parte de las medidas implementadas por la compa\u00f1\u00eda en su plan de contingencia preventivo.<\/p>\n","protected":false},"excerpt":{"rendered":"<p>Medida tiene como objetivo prevenir la propagaci\u00f3n del Coronavirus, COVID-19. En atenci\u00f3n a la emergencia sanitaria decretada por el Ministerio de Salud por la pandemia&hellip; <\/p>\n","protected":false},"author":2,"featured_media":22241,"comment_status":"open","ping_status":"closed","sticky":false,"template":"","format":"standard","meta":{"footnotes":""},"categories":[34,37],"tags":[],"class_list":["post-22240","post","type-post","status-publish","format-standard","has-post-thumbnail","hentry","category-mineria","category-nacional"],"_links":{"self":[{"href":"https:\/\/www.radioamigavallenar.cl\/index.php?rest_route=\/wp\/v2\/posts\/22240","targetHints":{"allow":["GET"]}}],"collection":[{"href":"https:\/\/www.radioamigavallenar.cl\/index.php?rest_route=\/wp\/v2\/posts"}],"about":[{"href":"https:\/\/www.radioamigavallenar.cl\/index.php?rest_route=\/wp\/v2\/types\/post"}],"author":[{"embeddable":true,"href":"https:\/\/www.radioamigavallenar.cl\/index.php?rest_route=\/wp\/v2\/users\/2"}],"replies":[{"embeddable":true,"href":"https:\/\/www.radioamigavallenar.cl\/index.php?rest_route=%2Fwp%2Fv2%2Fcomments&post=22240"}],"version-history":[{"count":0,"href":"https:\/\/www.radioamigavallenar.cl\/index.php?rest_route=\/wp\/v2\/posts\/22240\/revisions"}],"wp:featuredmedia":[{"embeddable":true,"href":"https:\/\/www.radioamigavallenar.cl\/index.php?rest_route=\/wp\/v2\/media\/22241"}],"wp:attachment":[{"href":"https:\/\/www.radioamigavallenar.cl\/index.php?rest_route=%2Fwp%2Fv2%2Fmedia&parent=22240"}],"wp:term":[{"taxonomy":"category","embeddable":true,"href":"https:\/\/www.radioamigavallenar.cl\/index.php?rest_route=%2Fwp%2Fv2%2Fcategories&post=22240"},{"taxonomy":"post_tag","embeddable":true,"href":"https:\/\/www.radioamigavallenar.cl\/index.php?rest_route=%2Fwp%2Fv2%2Ftags&post=22240"}],"curies":[{"name":"wp","href":"https:\/\/api.w.org\/{rel}","templated":true}]}}