{"id":22237,"date":"2020-03-23T00:00:00","date_gmt":"2020-03-23T03:00:00","guid":{"rendered":"https:\/\/www.radioamigavallenar.cl\/?p=22237"},"modified":"2020-03-22T23:04:00","modified_gmt":"2020-03-23T02:04:00","slug":"toque-de-queda-quienes-necesitan-salvoconducto-y-como-obtenerlo","status":"publish","type":"post","link":"https:\/\/www.radioamigavallenar.cl\/?p=22237","title":{"rendered":"Toque de queda: Qui\u00e9nes necesitan salvoconducto y c\u00f3mo obtenerlo"},"content":{"rendered":"\n<p>El Gobierno estableci\u00f3 una plataforma para solicitar el documento de manera virtual y evitar as\u00ed aglomeraciones en comisar\u00edas.<\/p>\n\n\n\n<p>Y comenz\u00f3 a regir en todo el territorio nacional el anunciado toque de queda decretado por el Presidente Sebasti\u00e1n Pi\u00f1era con motivo de la emergencia por el coronavirus Covid-19, desde las 22 y hasta 05 horas de este lunes.<\/p>\n\n\n\n<p>Con el fin de asegurar la continuidad de los servicios esenciales en ese horario, las autoridades establecieron un protocolo para que los trabajadores de este tipo de empresas puedan obtener salvoconductos.<\/p>\n\n\n\n<p>\u00abHemos establecido un protocolo y un modelo para que podamos tener el acceso regulado y tranquilo a los salvoconductos, que insisto son de car\u00e1cter extraordinario y son solamente para los servicios b\u00e1sicos y para las personas que enfrentan una emergencia\u00bb, dijo la subsecretaria de Prevenci\u00f3n del Delito, Katherine Martorell.<\/p>\n\n\n\n<h1 class=\"wp-block-heading\">C\u00f3mo obtener un salvoconducto<\/h1>\n\n\n\n<div class=\"wp-block-image\"><figure class=\"aligncenter size-large\"><img loading=\"lazy\" decoding=\"async\" width=\"740\" height=\"430\" src=\"https:\/\/www.radioamigavallenar.cl\/wp-content\/uploads\/2020\/03\/A_UNO_1122684-740x430-1.jpg\" alt=\"\" class=\"wp-image-22238\" srcset=\"https:\/\/www.radioamigavallenar.cl\/wp-content\/uploads\/2020\/03\/A_UNO_1122684-740x430-1.jpg 740w, https:\/\/www.radioamigavallenar.cl\/wp-content\/uploads\/2020\/03\/A_UNO_1122684-740x430-1-300x174.jpg 300w\" sizes=\"auto, (max-width: 740px) 100vw, 740px\" \/><\/figure><\/div>\n\n\n\n<p>A fin de evitar aglomeraciones en comisar\u00eda y as\u00ed reducir el riesgo de contagio, los salvoconductos se podr\u00e1n solicitar en www.comisariavirtual.cl con la clave \u00fanica que entrega el Registro Civil.<\/p>\n\n\n\n<p>\u00abPero solamente en dos ocasiones:<strong>&nbsp;Uno cuando se tiene una urgencia de salud o de acceder medicamentos para ir a la farmacia de turno y, dos, en caso de tener que hacer alg\u00fan tr\u00e1mite relacionado con la lamentable muerte de una persona que ocurra en ese horario\u00bb<\/strong>, precis\u00f3 Martorell.<\/p>\n\n\n\n<p>La subsecretaria destac\u00f3 que \u00abpara las empresas que son clave para el abastecimiento\u00a0de nuestras ciudades se ha creado, y ya se les ha comunicado, una plataforma que a trav\u00e9s de un correo que ellos env\u00edan puedan asegurar el abastecimiento de cada uno de los centros comerciales o que prestan servicios que son b\u00e1sicos para la comunidad\u00bb.<\/p>\n\n\n\n<p>En tanto,&nbsp;<strong>Bomberos y el personal de servicios de urgencia, tanto p\u00fablicos como privados, van a poder utilizar como salvoconductos sus credenciales y c\u00e9dulas de identidad.&nbsp;<\/strong><\/p>\n\n\n\n<p>\u00abEn todos los casos que se adquiera un permiso de salvoconducto siempre debe portarse la c\u00e9dula de identidad\u00bb, remarc\u00f3 Martorell.<\/p>\n\n\n\n<p>Quienes no tengan clave \u00fanica podr\u00e1n acudir a una comisar\u00eda a realizar el tr\u00e1mite respectivo, aunque, como destac\u00f3 la subsecretaria, se espera que en las pr\u00f3ximas semanas tambi\u00e9n se pueda obtener dicha clave a trav\u00e9s de internet.<\/p>\n","protected":false},"excerpt":{"rendered":"<p>El Gobierno estableci\u00f3 una plataforma para solicitar el documento de manera virtual y evitar as\u00ed aglomeraciones en comisar\u00edas. Y comenz\u00f3 a regir en todo el&hellip; <\/p>\n","protected":false},"author":2,"featured_media":22238,"comment_status":"open","ping_status":"closed","sticky":false,"template":"","format":"standard","meta":{"footnotes":""},"categories":[37],"tags":[],"class_list":["post-22237","post","type-post","status-publish","format-standard","has-post-thumbnail","hentry","category-nacional"],"_links":{"self":[{"href":"https:\/\/www.radioamigavallenar.cl\/index.php?rest_route=\/wp\/v2\/posts\/22237","targetHints":{"allow":["GET"]}}],"collection":[{"href":"https:\/\/www.radioamigavallenar.cl\/index.php?rest_route=\/wp\/v2\/posts"}],"about":[{"href":"https:\/\/www.radioamigavallenar.cl\/index.php?rest_route=\/wp\/v2\/types\/post"}],"author":[{"embeddable":true,"href":"https:\/\/www.radioamigavallenar.cl\/index.php?rest_route=\/wp\/v2\/users\/2"}],"replies":[{"embeddable":true,"href":"https:\/\/www.radioamigavallenar.cl\/index.php?rest_route=%2Fwp%2Fv2%2Fcomments&post=22237"}],"version-history":[{"count":0,"href":"https:\/\/www.radioamigavallenar.cl\/index.php?rest_route=\/wp\/v2\/posts\/22237\/revisions"}],"wp:featuredmedia":[{"embeddable":true,"href":"https:\/\/www.radioamigavallenar.cl\/index.php?rest_route=\/wp\/v2\/media\/22238"}],"wp:attachment":[{"href":"https:\/\/www.radioamigavallenar.cl\/index.php?rest_route=%2Fwp%2Fv2%2Fmedia&parent=22237"}],"wp:term":[{"taxonomy":"category","embeddable":true,"href":"https:\/\/www.radioamigavallenar.cl\/index.php?rest_route=%2Fwp%2Fv2%2Fcategories&post=22237"},{"taxonomy":"post_tag","embeddable":true,"href":"https:\/\/www.radioamigavallenar.cl\/index.php?rest_route=%2Fwp%2Fv2%2Ftags&post=22237"}],"curies":[{"name":"wp","href":"https:\/\/api.w.org\/{rel}","templated":true}]}}