{"id":22234,"date":"2020-03-23T00:00:00","date_gmt":"2020-03-23T03:00:00","guid":{"rendered":"https:\/\/www.radioamigavallenar.cl\/?p=22234"},"modified":"2020-03-22T23:02:03","modified_gmt":"2020-03-23T02:02:03","slug":"presidente-pinera-las-proximas-semanas-seran-muy-duras-para-todos","status":"publish","type":"post","link":"https:\/\/www.radioamigavallenar.cl\/?p=22234","title":{"rendered":"Presidente Pi\u00f1era: Las pr\u00f3ximas semanas ser\u00e1n muy duras para todos"},"content":{"rendered":"\n<div class=\"wp-block-image\"><figure class=\"aligncenter size-large\"><img loading=\"lazy\" decoding=\"async\" width=\"900\" height=\"560\" src=\"https:\/\/www.radioamigavallenar.cl\/wp-content\/uploads\/2020\/03\/pi\u00f1era-scaled-1.jpg\" alt=\"\" class=\"wp-image-22235\" srcset=\"https:\/\/www.radioamigavallenar.cl\/wp-content\/uploads\/2020\/03\/pi\u00f1era-scaled-1.jpg 900w, https:\/\/www.radioamigavallenar.cl\/wp-content\/uploads\/2020\/03\/pi\u00f1era-scaled-1-300x187.jpg 300w, https:\/\/www.radioamigavallenar.cl\/wp-content\/uploads\/2020\/03\/pi\u00f1era-scaled-1-768x478.jpg 768w\" sizes=\"auto, (max-width: 900px) 100vw, 900px\" \/><\/figure><\/div>\n\n\n\n<p>Ante ello, el Mandatario anunci\u00f3 que \u00abtodos los adultos mayores de 80 a\u00f1os deber\u00e1n permanecer en sus casas\u00bb.<\/p>\n\n\n\n<p>El\u00a0Presidente Sebasti\u00e1n Pi\u00f1era\u00a0realiz\u00f3 la noche de este domingo, a minutos de iniciarse el toque de queda, una cadena nacional para\u00a0destacar el plan de acci\u00f3n del Gobierno ante la emergencia por el Covid-19 y resaltar que se vienen \u00absemanas muy duras\u00bb.<\/p>\n\n\n\n<p>\u00abNo tengo un mensaje f\u00e1cil para ustedes esta noche, pero s\u00ed tengo un mensaje de fe y esperanza.\u00a0Sabemos que las pr\u00f3ximas semanas ser\u00e1n duras, muy duras para todos\u00bb,\u00a0dijo el Mandatario, que destac\u00f3 tanto nuestro pa\u00eds como el mundo enfrentan la peor cat\u00e1strofe sanitaria de los \u00faltimos 100 a\u00f1os.<\/p>\n\n\n\n<p>Junto con detallar las medidas que ya adoptado el Gobierno, entre ellas el toque de queda pronto a entrar en vigencia, Pi\u00f1era se\u00f1al\u00f3 que \u00abproteger la salud y la vida de todos, y muy especialmente la de nuestros adultos mayores que son los que experimentan los mayores riesgos, es mi primera prioridad y mi primera ocupaci\u00f3n como Presidente de la Rep\u00fablica, y tambi\u00e9n la de todo nuestro Gobierno\u00bb.<\/p>\n\n\n\n<p>\u00abPor estas razones, y para proteger sus vidas,\u00a0hemos decidido que todos los adultos mayores de 80 a\u00f1os deber\u00e1n permanecer en sus casas donde tendr\u00e1n los cuidados que necesitan.\u00a0Protegeremos siempre la salud y la vida de todos los chilenos, pero muy especialmente la de los m\u00e1s vulnerables. \u00c9sa es y ser\u00e1 siempre nuestra primera prioridad\u00bb, sostuvo el Presidente, que no explic\u00f3 c\u00f3mo se llevar\u00e1 a cabo la medida.<\/p>\n\n\n\n<h1 class=\"has-text-align-center wp-block-heading\">Un plan de acci\u00f3n basado en las recomendaciones de la OMS<\/h1>\n\n\n\n<p>Por otra parte, el jefe de Estado explic\u00f3 que el plan de acci\u00f3n que se lleva a cabo \u00abconsidera 4 etapas, seg\u00fan el avance y la evoluci\u00f3n del COVID 19 en el mundo y en Chile\u00bb.<\/p>\n\n\n\n<p><strong>\u00abCada medida tiene su tiempo. Igual como es perjudicial atrasarse, tambi\u00e9n es da\u00f1ino adelantarse. Y nuestra estrategia se basa en cuatro conceptos propuestos y recomendados por la OMS: aislar, testear, tratar y trazar\u00bb,<\/strong>&nbsp;destac\u00f3 Pi\u00f1era, hablando tambi\u00e9n de una \u00abcuarentena progresiva\u00bb.<\/p>\n\n\n\n<p>Es por eso, se\u00f1al\u00f3 el Presidente, que la \u00abprioridad ha estado en testear para identificar a las personas contagiadas y poder darles el tratamiento que requieren y para aislar a todo su grupo cercano, para proteger su salud e impedir que contagien a los dem\u00e1s\u00bb.<\/p>\n\n\n\n<p>Ante las \u00abm\u00faltiples voces\u00bb que han hablado sobre c\u00f3mo manejar la crisis, el Mandatario hizo un llamado a la unidad y apunt\u00f3 a mantener una sola voz.<\/p>\n\n\n\n<p>\u00abPor eso como Gobierno nos hemos atenido y\u00a0vamos a seguir ateni\u00e9ndonos estrictamente a lo que dice la voz de la ciencia, la voz de las organizaciones de salud internacionales y de los expertos chilenos, y por supuesto muy atentos a nuestra propia realidad, buscando un equilibrio entre las medidas necesarias para proteger la<br>salud y las adecuadas condiciones para asegurar los bienes y servicios esenciales para la vida de todas las familias\u00bb, expres\u00f3 el jefe de Estado.<\/p>\n","protected":false},"excerpt":{"rendered":"<p>Ante ello, el Mandatario anunci\u00f3 que \u00abtodos los adultos mayores de 80 a\u00f1os deber\u00e1n permanecer en sus casas\u00bb. El\u00a0Presidente Sebasti\u00e1n Pi\u00f1era\u00a0realiz\u00f3 la noche de este&hellip; <\/p>\n","protected":false},"author":2,"featured_media":22235,"comment_status":"open","ping_status":"closed","sticky":false,"template":"","format":"standard","meta":{"footnotes":""},"categories":[37],"tags":[],"class_list":["post-22234","post","type-post","status-publish","format-standard","has-post-thumbnail","hentry","category-nacional"],"_links":{"self":[{"href":"https:\/\/www.radioamigavallenar.cl\/index.php?rest_route=\/wp\/v2\/posts\/22234","targetHints":{"allow":["GET"]}}],"collection":[{"href":"https:\/\/www.radioamigavallenar.cl\/index.php?rest_route=\/wp\/v2\/posts"}],"about":[{"href":"https:\/\/www.radioamigavallenar.cl\/index.php?rest_route=\/wp\/v2\/types\/post"}],"author":[{"embeddable":true,"href":"https:\/\/www.radioamigavallenar.cl\/index.php?rest_route=\/wp\/v2\/users\/2"}],"replies":[{"embeddable":true,"href":"https:\/\/www.radioamigavallenar.cl\/index.php?rest_route=%2Fwp%2Fv2%2Fcomments&post=22234"}],"version-history":[{"count":0,"href":"https:\/\/www.radioamigavallenar.cl\/index.php?rest_route=\/wp\/v2\/posts\/22234\/revisions"}],"wp:featuredmedia":[{"embeddable":true,"href":"https:\/\/www.radioamigavallenar.cl\/index.php?rest_route=\/wp\/v2\/media\/22235"}],"wp:attachment":[{"href":"https:\/\/www.radioamigavallenar.cl\/index.php?rest_route=%2Fwp%2Fv2%2Fmedia&parent=22234"}],"wp:term":[{"taxonomy":"category","embeddable":true,"href":"https:\/\/www.radioamigavallenar.cl\/index.php?rest_route=%2Fwp%2Fv2%2Fcategories&post=22234"},{"taxonomy":"post_tag","embeddable":true,"href":"https:\/\/www.radioamigavallenar.cl\/index.php?rest_route=%2Fwp%2Fv2%2Ftags&post=22234"}],"curies":[{"name":"wp","href":"https:\/\/api.w.org\/{rel}","templated":true}]}}