{"id":22223,"date":"2020-03-21T11:48:30","date_gmt":"2020-03-21T14:48:30","guid":{"rendered":"https:\/\/www.radioamigavallenar.cl\/?p=22223"},"modified":"2020-03-21T11:48:32","modified_gmt":"2020-03-21T14:48:32","slug":"directora-de-nueva-educacion-publica-estima-que-se-podria-extender-el-periodo-sin-clases","status":"publish","type":"post","link":"https:\/\/www.radioamigavallenar.cl\/?p=22223","title":{"rendered":"Directora de Nueva Educaci\u00f3n P\u00fablica estima que se podr\u00eda extender el periodo sin clases"},"content":{"rendered":"\n<div class=\"wp-block-image\"><figure class=\"aligncenter size-large\"><img loading=\"lazy\" decoding=\"async\" width=\"750\" height=\"400\" src=\"https:\/\/www.radioamigavallenar.cl\/wp-content\/uploads\/2020\/03\/colegios-clases-coronavirus-suspension-covid-19-750x400-1.jpg\" alt=\"\" class=\"wp-image-22224\" srcset=\"https:\/\/www.radioamigavallenar.cl\/wp-content\/uploads\/2020\/03\/colegios-clases-coronavirus-suspension-covid-19-750x400-1.jpg 750w, https:\/\/www.radioamigavallenar.cl\/wp-content\/uploads\/2020\/03\/colegios-clases-coronavirus-suspension-covid-19-750x400-1-300x160.jpg 300w\" sizes=\"auto, (max-width: 750px) 100vw, 750px\" \/><\/figure><\/div>\n\n\n\n<p>Aulas virtuales, plataformas online, env\u00edo de material por correo electr\u00f3nico y gu\u00edas f\u00edsicas donde no existe internet, son los diversas medidas que han adoptado los colegios para mantener el proceso pedag\u00f3gico de los estudiantes, tras la suspensi\u00f3n de clases por el coronavirus.<\/p>\n\n\n\n<p>La directora Nacional de la Nueva Educaci\u00f3n P\u00fablica, en tanto, indic\u00f3 que\u00a0lo m\u00e1s probable es que se extienda el per\u00edodo sin clases, lo que obligar\u00e1 a ajustar dr\u00e1sticamente el curr\u00edculo escolar.<\/p>\n\n\n\n<p>Si bien hace algunas semanas la preocupaci\u00f3n del sistema escolar estaba centrada en la adhesi\u00f3n que pod\u00edan tener los llamados a movilizaciones de los estudiantes secundarios, la irrupci\u00f3n del coronavirus en el pa\u00eds modific\u00f3 todos los pron\u00f3sticos, obligando a la suspensi\u00f3n de clases de todos los colegios.<\/p>\n\n\n\n<p>Tras una semana de decretada la medida, los establecimientos han tenido que redirigir sus esfuerzos para dar continuidad al proceso de ense\u00f1anza, haciendo uso de la tecnolog\u00eda y los medios digitales de que se disponen, de forma que se puedan seguir entregando los contenidos.<\/p>\n\n\n\n<p>Aulas virtuales, plataformas online de ense\u00f1anza, env\u00edo de material por correo electr\u00f3nico y la entrega de gu\u00edas para quienes no tienen acceso a internet, han sido las v\u00edas usadas por los colegios.<\/p>\n\n\n\n<p>La directora Nacional de la Nueva Educaci\u00f3n P\u00fablica, Alejandra Grebe, se\u00f1al\u00f3 que los cerca de 500 colegios que est\u00e1n bajo su administraci\u00f3n, cuentan con la plataforma&nbsp;<strong>aprendoenlinea.mineduc.cl<\/strong>, adem\u00e1s de una biblioteca digital, de manera que los estudiantes no vean interrumpido el proceso pedag\u00f3gico, el cual se reforzar\u00e1 en los pr\u00f3ximos d\u00edas, de manera que los profesores puedan darle seguimiento.<\/p>\n\n\n\n<figure class=\"wp-block-audio\"><audio controls src=\"https:\/\/www.radioamigavallenar.cl\/wp-content\/uploads\/2020\/03\/01materia-grebe.mp3\"><\/audio><\/figure>\n\n\n\n<p>El director del mag\u00edster en Liderazgo y Gesti\u00f3n Educativa de la Universidad Diego Portales, Gonzalo Mu\u00f1oz, en tanto, coincidi\u00f3 en la necesidad de robustecer este mecanismo de ense\u00f1anza escolar a distancia, tomando en cuenta la realidad de las familias, tanto del punto de vista del tiempo que se tiene para acompa\u00f1ar a los estudiantes y del manejo de los conocimientos.<\/p>\n\n\n\n<figure class=\"wp-block-audio\"><audio controls src=\"https:\/\/www.radioamigavallenar.cl\/wp-content\/uploads\/2020\/03\/02materia-munoz.mp3\"><\/audio><\/figure>\n\n\n\n<p>Grebe se\u00f1al\u00f3 adem\u00e1s, que lo m\u00e1s probable es que se extienda por algunas semanas m\u00e1s la suspensi\u00f3n de clases, lo que obligar\u00e1 a ajustar el calendario escolar, como tambi\u00e9n lo plante\u00f3 el director del Centro de la Universidad Cat\u00f3lica para la Transformaci\u00f3n Educativa, Ernesto Trevi\u00f1o.<\/p>\n\n\n\n<figure class=\"wp-block-audio\"><audio controls src=\"https:\/\/www.radioamigavallenar.cl\/wp-content\/uploads\/2020\/03\/03materia-trevino.mp3\"><\/audio><\/figure>\n\n\n\n<p>La directora Nacional de la Nueva Educaci\u00f3n P\u00fablica se\u00f1al\u00f3 adem\u00e1s, que se trabajar\u00e1 con los equipos directivos\u00a0los ajustes al curr\u00edculum, agregando que ning\u00fan estudiante volver\u00e1 a clases y se encontrar\u00e1 con una evaluaci\u00f3n.<\/p>\n","protected":false},"excerpt":{"rendered":"<p>Aulas virtuales, plataformas online, env\u00edo de material por correo electr\u00f3nico y gu\u00edas f\u00edsicas donde no existe internet, son los diversas medidas que han adoptado los&hellip; <\/p>\n","protected":false},"author":2,"featured_media":22224,"comment_status":"open","ping_status":"closed","sticky":false,"template":"","format":"standard","meta":{"footnotes":""},"categories":[7,37],"tags":[],"class_list":["post-22223","post","type-post","status-publish","format-standard","has-post-thumbnail","hentry","category-atacama","category-nacional"],"_links":{"self":[{"href":"https:\/\/www.radioamigavallenar.cl\/index.php?rest_route=\/wp\/v2\/posts\/22223","targetHints":{"allow":["GET"]}}],"collection":[{"href":"https:\/\/www.radioamigavallenar.cl\/index.php?rest_route=\/wp\/v2\/posts"}],"about":[{"href":"https:\/\/www.radioamigavallenar.cl\/index.php?rest_route=\/wp\/v2\/types\/post"}],"author":[{"embeddable":true,"href":"https:\/\/www.radioamigavallenar.cl\/index.php?rest_route=\/wp\/v2\/users\/2"}],"replies":[{"embeddable":true,"href":"https:\/\/www.radioamigavallenar.cl\/index.php?rest_route=%2Fwp%2Fv2%2Fcomments&post=22223"}],"version-history":[{"count":0,"href":"https:\/\/www.radioamigavallenar.cl\/index.php?rest_route=\/wp\/v2\/posts\/22223\/revisions"}],"wp:featuredmedia":[{"embeddable":true,"href":"https:\/\/www.radioamigavallenar.cl\/index.php?rest_route=\/wp\/v2\/media\/22224"}],"wp:attachment":[{"href":"https:\/\/www.radioamigavallenar.cl\/index.php?rest_route=%2Fwp%2Fv2%2Fmedia&parent=22223"}],"wp:term":[{"taxonomy":"category","embeddable":true,"href":"https:\/\/www.radioamigavallenar.cl\/index.php?rest_route=%2Fwp%2Fv2%2Fcategories&post=22223"},{"taxonomy":"post_tag","embeddable":true,"href":"https:\/\/www.radioamigavallenar.cl\/index.php?rest_route=%2Fwp%2Fv2%2Ftags&post=22223"}],"curies":[{"name":"wp","href":"https:\/\/api.w.org\/{rel}","templated":true}]}}