{"id":22220,"date":"2020-03-21T11:32:20","date_gmt":"2020-03-21T14:32:20","guid":{"rendered":"https:\/\/www.radioamigavallenar.cl\/?p=22220"},"modified":"2020-03-21T11:32:21","modified_gmt":"2020-03-21T14:32:21","slug":"contagiados-por-coronavirus-en-chile-llegan-a-537-tras-nuevo-reporte","status":"publish","type":"post","link":"https:\/\/www.radioamigavallenar.cl\/?p=22220","title":{"rendered":"Contagiados por coronavirus en Chile llegan a 537 tras nuevo reporte"},"content":{"rendered":"\n<div class=\"wp-block-image\"><figure class=\"aligncenter size-large\"><img loading=\"lazy\" decoding=\"async\" width=\"900\" height=\"560\" src=\"https:\/\/www.radioamigavallenar.cl\/wp-content\/uploads\/2020\/03\/ma\u00f1alich-2-scaled-2.jpg\" alt=\"\" class=\"wp-image-22221\" srcset=\"https:\/\/www.radioamigavallenar.cl\/wp-content\/uploads\/2020\/03\/ma\u00f1alich-2-scaled-2.jpg 900w, https:\/\/www.radioamigavallenar.cl\/wp-content\/uploads\/2020\/03\/ma\u00f1alich-2-scaled-2-300x187.jpg 300w, https:\/\/www.radioamigavallenar.cl\/wp-content\/uploads\/2020\/03\/ma\u00f1alich-2-scaled-2-768x478.jpg 768w\" sizes=\"auto, (max-width: 900px) 100vw, 900px\" \/><\/figure><\/div>\n\n\n\n<p>El ministro Ma\u00f1alich inform\u00f3 que 103 nuevos casos positivos se reportaron en las \u00faltimas 24 horas, habiendo ocho pacientes recuperados de la enfermedad. Adem\u00e1s, cifr\u00f3 en un 44% la cantidad de personas que se vacunaron contra la influenza.<\/p>\n\n\n\n<p>El ministro de Salud,\u00a0Jaime Ma\u00f1alich, entreg\u00f3 un\u00a0nuevo balance de personas contagiadas con el coronavirus COVID-19, informando un\u00a0aumento de 103 casos y llegando a un total de 537 en todo Chile.<\/p>\n\n\n\n<p>Seg\u00fan la autoridad, en Chile se declararon ocho pacientes recuperados tras el nuevo balance, pero se mantienen 33 personas en calidad de hospitalizadas.<\/p>\n\n\n\n<p>Asimismo, el jefe de cartera report\u00f3 siete personas conectadas a ventilador mec\u00e1nico tras haber dado positivo por el coronavirus.<\/p>\n\n\n\n<p>Ma\u00f1alich agreg\u00f3 que en todo el territorio nacional tambi\u00e9n existen 33 personas hospitalizadas, recibiendo los tratamientos necesarios para evitar complicaciones de su estado de salud.<\/p>\n\n\n\n<p>Sobre la campa\u00f1a de vacunaci\u00f3n contra la influenza,\u00a0Ma\u00f1alich cifr\u00f3 en un 44% la cantidad de personas que ya se inocularon contra esta enfermedad, siguiendo las recomendaciones de las autoridades<strong>.<\/strong><\/p>\n\n\n\n<p>El jefe de cartera reiter\u00f3 el llamado a la poblaci\u00f3n para que respete las cuarentenas preventivas y aislamientos, con le objetivo de evitar mayor propagaci\u00f3n de casos positivos.<\/p>\n\n\n\n<p>\u00abVuelvan a sus domicilios, que este llamado sea tomado con responsabilidad\u00bb, asever\u00f3.<\/p>\n","protected":false},"excerpt":{"rendered":"<p>El ministro Ma\u00f1alich inform\u00f3 que 103 nuevos casos positivos se reportaron en las \u00faltimas 24 horas, habiendo ocho pacientes recuperados de la enfermedad. Adem\u00e1s, cifr\u00f3&hellip; <\/p>\n","protected":false},"author":2,"featured_media":22221,"comment_status":"open","ping_status":"closed","sticky":false,"template":"","format":"standard","meta":{"footnotes":""},"categories":[37],"tags":[],"class_list":["post-22220","post","type-post","status-publish","format-standard","has-post-thumbnail","hentry","category-nacional"],"_links":{"self":[{"href":"https:\/\/www.radioamigavallenar.cl\/index.php?rest_route=\/wp\/v2\/posts\/22220","targetHints":{"allow":["GET"]}}],"collection":[{"href":"https:\/\/www.radioamigavallenar.cl\/index.php?rest_route=\/wp\/v2\/posts"}],"about":[{"href":"https:\/\/www.radioamigavallenar.cl\/index.php?rest_route=\/wp\/v2\/types\/post"}],"author":[{"embeddable":true,"href":"https:\/\/www.radioamigavallenar.cl\/index.php?rest_route=\/wp\/v2\/users\/2"}],"replies":[{"embeddable":true,"href":"https:\/\/www.radioamigavallenar.cl\/index.php?rest_route=%2Fwp%2Fv2%2Fcomments&post=22220"}],"version-history":[{"count":0,"href":"https:\/\/www.radioamigavallenar.cl\/index.php?rest_route=\/wp\/v2\/posts\/22220\/revisions"}],"wp:featuredmedia":[{"embeddable":true,"href":"https:\/\/www.radioamigavallenar.cl\/index.php?rest_route=\/wp\/v2\/media\/22221"}],"wp:attachment":[{"href":"https:\/\/www.radioamigavallenar.cl\/index.php?rest_route=%2Fwp%2Fv2%2Fmedia&parent=22220"}],"wp:term":[{"taxonomy":"category","embeddable":true,"href":"https:\/\/www.radioamigavallenar.cl\/index.php?rest_route=%2Fwp%2Fv2%2Fcategories&post=22220"},{"taxonomy":"post_tag","embeddable":true,"href":"https:\/\/www.radioamigavallenar.cl\/index.php?rest_route=%2Fwp%2Fv2%2Ftags&post=22220"}],"curies":[{"name":"wp","href":"https:\/\/api.w.org\/{rel}","templated":true}]}}