{"id":22216,"date":"2020-03-21T09:30:47","date_gmt":"2020-03-21T12:30:47","guid":{"rendered":"https:\/\/www.radioamigavallenar.cl\/?p=22216"},"modified":"2020-03-21T09:30:48","modified_gmt":"2020-03-21T12:30:48","slug":"ministro-briones-explica-en-que-consiste-el-plan-economico-de-proteccion-a-ingresos-laborales","status":"publish","type":"post","link":"https:\/\/www.radioamigavallenar.cl\/?p=22216","title":{"rendered":"Ministro Briones explica en qu\u00e9 consiste el plan econ\u00f3mico de protecci\u00f3n a ingresos laborales"},"content":{"rendered":"\n<div class=\"wp-block-image\"><figure class=\"aligncenter size-large\"><img loading=\"lazy\" decoding=\"async\" width=\"750\" height=\"400\" src=\"https:\/\/www.radioamigavallenar.cl\/wp-content\/uploads\/2020\/03\/a_uno_1166718-750x400-1.jpg\" alt=\"\" class=\"wp-image-22217\" srcset=\"https:\/\/www.radioamigavallenar.cl\/wp-content\/uploads\/2020\/03\/a_uno_1166718-750x400-1.jpg 750w, https:\/\/www.radioamigavallenar.cl\/wp-content\/uploads\/2020\/03\/a_uno_1166718-750x400-1-300x160.jpg 300w\" sizes=\"auto, (max-width: 750px) 100vw, 750px\" \/><\/figure><\/div>\n\n\n\n<p>El ministro de Hacienda<strong>\u00a0I<\/strong>gnacio Briones\u00a0junto al presidente\u00a0Sebasti\u00e1n Pi\u00f1era\u00a0anunciaron el nuevo plan econ\u00f3mico de emergencia por la crisis sanitaria que se vive en Chile producto de la propagaci\u00f3n del\u00a0coronavirus.<\/p>\n\n\n\n<p>Una de las medidas que beneficiar\u00e1n directamente a los trabajadores tiene que ver con la\u00a0protecci\u00f3n a los ingresos laborales.<\/p>\n\n\n\n<p>Ignacio Briones cont\u00f3, con un ejemplo pr\u00e1ctico, en qu\u00e9 consiste esta medida para los bolsillos de los trabajadores.<\/p>\n\n\n\n<p>El ministro aclar\u00f3 que\u00a0absolutamente todas las empresas pueden postular\u00a0a este beneficio, sin importar el tama\u00f1o de esta ya que el enfoque es ayudar a los trabajadores.<\/p>\n\n\n\n<p>\u201cLo voy a explicar es simple: estamos viendo que de facto muchos trabajadores tienen que estar en su casa. Algunos de ellos podr\u00e1n teletrabajar, pero la gran mayor\u00eda no puede trabajar. En consecuencia, la empresa, que est\u00e1 con el trabajador que est\u00e1 en su casa, que no puede estar cumpliendo sus labores productivas, lo que te genera un costo porque\u00a0tiene que seguir pag\u00e1ndole el sueldo pero no realizando faenas productivas\u201d,\u00a0inici\u00f3 Briones.<\/p>\n\n\n\n<p>\u201cPensemos en un caf\u00e9 de la esquina, que est\u00e1 teniendo una merma importante en sus ventas y adem\u00e1s el trabajador no puede venir a trabajar&nbsp;<strong>\u00bfCu\u00e1les son las opciones?<\/strong>&nbsp;Una es despedir al trabajador porque el caf\u00e9 no est\u00e1 teniendo ingresos, entonces \u00bfc\u00f3mo le voy a pagar el sueldo? Y la otra es que el trabajador se vaya a su casa y yo le pago el sueldo, pero al poco andar, dado que no tengo ingresos tambi\u00e9n voy a quebrar y este trabajador va a perder su empleo\u201d, sigui\u00f3.<\/p>\n\n\n\n<p>El ministro explic\u00f3 que&nbsp;<strong>\u201cante esa realidad nosotros creamos un veh\u00edculo que le da una salida a ese caf\u00e9 de forma tal que pueda mantener el v\u00ednculo contractual con su trabajador, le sigue pagando las cotizaciones, pero se le libera de pagar el sueldo a ese trabajador mientras \u00e9ste est\u00e9 en su casa\u201d.<\/strong><\/p>\n\n\n\n<h2 class=\"wp-block-heading\">\u00bfC\u00f3mo se beneficia el trabajador?<\/h2>\n\n\n\n<p>Briones argumenta que si bien el negocio del ejemplo seguir\u00e1 funcionando, el problema ahora ser\u00eda de d\u00f3nde saca dinero el empleado, ya que no recibe el sueldo de su empleador.<\/p>\n\n\n\n<p>\u201cAh\u00ed es donde entra este veh\u00edculo que creamos y ese trabajador va a poder recurrir al\u00a0fondo de cesant\u00eda.\u00a0Para todos los efectos pr\u00e1cticos es como si \u00e9l estuviera cesante y pueda acceder a los beneficios del fondo de cesantia a\u00fan cuando no est\u00e9 cesante porque mantiene el v\u00ednculo contractual\u201d, aclar\u00f3.<\/p>\n\n\n\n<p>\u201cAc\u00e1 hay que ser claros: al hacer eso \u00e9se trabajador va a recibir un ingreso y es menor que el que recib\u00eda normalmente \u2013 va a ser un 70% \u2013\u00a0pero hay que entender que estamos en una situaci\u00f3n excepcional, donde la otra opci\u00f3n es que se quede con ingreso 0, es decir, sin pega.<strong>\u00a0<\/strong>Lo que queremos ac\u00e1 es que tenga un ingreso y que al due\u00f1o se le aligera la carga y la damos una opci\u00f3n para que pueda subsistir y cuando esto pase (la crisis por el coronavirus), el trabajador pueda volver a trabajar normalmente con todos sus sueldos, etc\u201d, concluy\u00f3.<\/p>\n","protected":false},"excerpt":{"rendered":"<p>El ministro de Hacienda\u00a0Ignacio Briones\u00a0junto al presidente\u00a0Sebasti\u00e1n Pi\u00f1era\u00a0anunciaron el nuevo plan econ\u00f3mico de emergencia por la crisis sanitaria que se vive en Chile producto de&hellip; <\/p>\n","protected":false},"author":2,"featured_media":22217,"comment_status":"open","ping_status":"closed","sticky":false,"template":"","format":"standard","meta":{"footnotes":""},"categories":[37],"tags":[],"class_list":["post-22216","post","type-post","status-publish","format-standard","has-post-thumbnail","hentry","category-nacional"],"_links":{"self":[{"href":"https:\/\/www.radioamigavallenar.cl\/index.php?rest_route=\/wp\/v2\/posts\/22216","targetHints":{"allow":["GET"]}}],"collection":[{"href":"https:\/\/www.radioamigavallenar.cl\/index.php?rest_route=\/wp\/v2\/posts"}],"about":[{"href":"https:\/\/www.radioamigavallenar.cl\/index.php?rest_route=\/wp\/v2\/types\/post"}],"author":[{"embeddable":true,"href":"https:\/\/www.radioamigavallenar.cl\/index.php?rest_route=\/wp\/v2\/users\/2"}],"replies":[{"embeddable":true,"href":"https:\/\/www.radioamigavallenar.cl\/index.php?rest_route=%2Fwp%2Fv2%2Fcomments&post=22216"}],"version-history":[{"count":0,"href":"https:\/\/www.radioamigavallenar.cl\/index.php?rest_route=\/wp\/v2\/posts\/22216\/revisions"}],"wp:featuredmedia":[{"embeddable":true,"href":"https:\/\/www.radioamigavallenar.cl\/index.php?rest_route=\/wp\/v2\/media\/22217"}],"wp:attachment":[{"href":"https:\/\/www.radioamigavallenar.cl\/index.php?rest_route=%2Fwp%2Fv2%2Fmedia&parent=22216"}],"wp:term":[{"taxonomy":"category","embeddable":true,"href":"https:\/\/www.radioamigavallenar.cl\/index.php?rest_route=%2Fwp%2Fv2%2Fcategories&post=22216"},{"taxonomy":"post_tag","embeddable":true,"href":"https:\/\/www.radioamigavallenar.cl\/index.php?rest_route=%2Fwp%2Fv2%2Ftags&post=22216"}],"curies":[{"name":"wp","href":"https:\/\/api.w.org\/{rel}","templated":true}]}}