{"id":22213,"date":"2020-03-21T09:24:12","date_gmt":"2020-03-21T12:24:12","guid":{"rendered":"https:\/\/www.radioamigavallenar.cl\/?p=22213"},"modified":"2020-03-21T09:24:13","modified_gmt":"2020-03-21T12:24:13","slug":"autoridades-de-gobierno-anuncian-que-la-region-podra-contar-proximamente-con-la-confirmacion-de-analisis-de-covid-19-en-atacama","status":"publish","type":"post","link":"https:\/\/www.radioamigavallenar.cl\/?p=22213","title":{"rendered":"Autoridades de Gobierno anuncian que la regi\u00f3n podr\u00e1 contar pr\u00f3ximamente con la confirmaci\u00f3n de an\u00e1lisis de Covid-19 en Atacama"},"content":{"rendered":"\n<div class=\"wp-block-image\"><figure class=\"aligncenter size-large\"><img loading=\"lazy\" decoding=\"async\" width=\"1024\" height=\"667\" src=\"https:\/\/www.radioamigavallenar.cl\/wp-content\/uploads\/2020\/03\/Punto-de-prensa-20.03-1024x667-1.jpg\" alt=\"\" class=\"wp-image-22214\" srcset=\"https:\/\/www.radioamigavallenar.cl\/wp-content\/uploads\/2020\/03\/Punto-de-prensa-20.03-1024x667-1.jpg 1024w, https:\/\/www.radioamigavallenar.cl\/wp-content\/uploads\/2020\/03\/Punto-de-prensa-20.03-1024x667-1-300x195.jpg 300w, https:\/\/www.radioamigavallenar.cl\/wp-content\/uploads\/2020\/03\/Punto-de-prensa-20.03-1024x667-1-768x500.jpg 768w\" sizes=\"auto, (max-width: 1024px) 100vw, 1024px\" \/><\/figure><\/div>\n\n\n\n<ul class=\"wp-block-list\"><li><strong>Esto gracias a un trabajo realizado en conjunto con la Universidad de Atacama.<\/strong><\/li><li><strong>Adem\u00e1s, las autoridades dieron a conocer que se est\u00e1n alistando los medios parta instalar un punto de vigilancia en la zona sur y l\u00edmite de la Regi\u00f3n de Atacama.<\/strong><\/li><\/ul>\n\n\n\n<p>Ayer viernes, el Intendente de Atacama, Patricio Urquieta, en compa\u00f1\u00eda del Jefe de la Defensa Nacional, General Enrique Heyermann, el Seremi de Salud Basti\u00e1n Hermosilla y el Director del Servicio de Salud, Claudio Baeza, entregaron un nuevo balance con las medidas tomadas por el Covid-19.<\/p>\n\n\n\n<p>El Intendente Urquieta inform\u00f3 que actualmente, hasta la fecha, hay un caso confirmado con Coronavirus, 33 personas que se han descartado y 18 personas que se encuentran actualmente como sospechosas y en estudio. \u201cQuiero reiterar nuestro llamado a la comunidad a que siga las instrucciones del Ministerio de Salud relacionado fundamentalmente con el auto cuidado en relaci\u00f3n a las medidas de higiene, y por otra parte, respecto al distanciamiento social que se debe mantener para evitar la propagaci\u00f3n del virus\u201d.<\/p>\n\n\n\n<p>El jueves las autoridades hab\u00edan anunciado el levantamiento de un punto de barrera sanitaria en la Regi\u00f3n de Coquimbo que ya est\u00e1 funcionando. Asimismo, el Intendente Urquieta anunci\u00f3 que se van a fortalecer los puntos vinculados al aer\u00f3dromo de nuestra regi\u00f3n y tambi\u00e9n estamos levantando la informaci\u00f3n y alistando los medios parta instalar un punto de vigilancia en la zona sur y l\u00edmite de la Regi\u00f3n de Atacama que nos une con la Regi\u00f3n de Coquimbo\u201d.<\/p>\n\n\n\n<p>El Seremi de Salud, Basti\u00e1n Hermosilla, agreg\u00f3 que \u201cla medida de las barreras sanitarias apunta a evitar la propagaci\u00f3n de casos de COVID-19 .A todas las personas que pasen por estos puntos se les exigir\u00e1 el Pasaporte Sanitario para poder transitar, tenemos un punto en el aer\u00f3dromo desierto de atacama y un punto en Incahuasi. La Aduana Sanitaria es un recinto obligado por el cual deben pasar las personas antes del ingreso a nuestra regi\u00f3n, y se encuentra reforzado con nuestras Fuerzas Armadas\u201d.<\/p>\n\n\n\n<p>El Intendente de Atacama dio a conocer adem\u00e1s que el anuncio por parte del Ministro de Salud sobre el cierre nacional y por tiempo indefinido de cines, teatros, restaurantes, pubs, discotecas y eventos deportivos independientes que congreguen p\u00fablico. Con esta medida podemos ayudar a disminuir la concentraci\u00f3n de personas en lugares donde se puede a propagar el virus en la poblaci\u00f3n.<\/p>\n\n\n\n<p>Adem\u00e1s, el Intendente Urquieta anunci\u00f3 que pr\u00f3ximamente la regi\u00f3n podr\u00e1 contar pr\u00f3ximamente con la confirmaci\u00f3n de an\u00e1lisis de Covid-19 en Atacama.<\/p>\n\n\n\n<p>Al respecto, el Director del Servicio de Salud, Claudio Baeza, inform\u00f3 que \u201ccomo Servicio de Salud hemos venido trabajando con la Universidad de Atacama para poder validar y tener la confirmaci\u00f3n de los ex\u00e1menes y diagn\u00f3sticos ac\u00e1 en la regi\u00f3n. Quiero agradecer el trabajo de la Universidad de Atacama y del Jefe del Laboratorio del Hospital de Copiap\u00f3, Jos\u00e9 Fuenzalida, porque en un muy corto plazo podemos tener la posibilidad de contar con la confirmaci\u00f3n de este examen ac\u00e1 y estamos ya gestionando las compras de los kits y pruebas necesarias, para que, esperamos, a partir de la pr\u00f3xima semana podamos tener la toma del examen en la Regi\u00f3n de Atacama lo que significa un tremendo avance y que est\u00e1 dentro de las medidas que venimos planificando\u201d.<\/p>\n\n\n\n<p>El Director de Investigaci\u00f3n de la Universidad de Atacama, Dr. C\u00e9sar Echeverr\u00eda, explic\u00f3 que \u201cen estos momentos las muestras est\u00e1n siendo derivadas a Antofagasta para ser analizadas y detectar la presencia del virus que produce el COVID-19, que es el SARS-Cov-2. Al trasladar la muestra a Antofagasta se producen dos problemas, pues el transporte puede degradar el virus en el trayecto y puede dar falsos negativos, y segundo, el Hospital de Antofagasta est\u00e1 absorbiendo toda la Macro Zona Norte para el an\u00e1lisis de COVID-19 y cada d\u00eda est\u00e1n llegando m\u00e1s muestras de todos los hospitales y se ve complicada una respuesta oportuna para los usuarios de la red de salud de nuestra regi\u00f3n\u201d.<\/p>\n\n\n\n<p>El Dr. C\u00e9sar Echeverr\u00eda coment\u00f3 que los investigadores de la UDA consiguieron detectar el virus con el equipamiento y reactivos existentes esta madrugada, \u201cel equipo de trabajo determin\u00f3 que a partir de los equipamientos que posee la Universidad podremos detectar el COVID-19 en muestras de pacientes y adem\u00e1s establecer si tenemos capacidad de cumplir con los protocolos para un an\u00e1lisis de estas caracter\u00edsticas. Buscamos los protocolos, el equipo y contactamos proveedores de los kits de detecci\u00f3n. Cabe destacar que los kits son muy nuevos, este virus lo conocemos hace no m\u00e1s de cuatro meses. Comenzamos a hacer los primeros ensayos a mitad de la semana y conseguimos identificar el virus en muestras positivas de pacientes con COVID-19 la madrugada de este viernes 20 de marzo, lo que es un hito para nuestra Universidad y la Regi\u00f3n de Atacama\u201d, puntualiz\u00f3 el investigador.<\/p>\n\n\n\n<p>Por su parte, el Jefe de la Defensa Nacional, General Enrique Heyermann, dijo que \u201cel control como Jefe de la Defensa Nacional en la Regi\u00f3n de Atacama se mantiene con las actividades ya dispuestas y aumentando otras principalmente las direccionadas al control de infraestructuras que hacen relaci\u00f3n con los servicios b\u00e1sicos de tal manera de garantizar los suministro a la poblaci\u00f3n ya sea agua, electricidad, combustible y gas, continuar con los controles en los puertos y pasos fronterizos ya que estos se encuentran cerrados, por tanto estamos tambi\u00e9n disponiendo controles en esas direcciones\u201d.<\/p>\n\n\n\n<p>El Director del Servicio de Salud agreg\u00f3 que \u201ca partir del lunes comenzar\u00e1 la creaci\u00f3n y reconversi\u00f3n de Centros de Salud en atenciones respiratorias los cuales, van a estar ubicados en las comunas Copiap\u00f3 y Vallenar. Lo que va a permitir descongestionar los servicios de urgencia de los hospitales m\u00e1s grandes en patolog\u00edas respiratorias de baja complejidad y poder llevarlo a estos centros. Paralelo a ello, a partir del lunes disponemos de nuestros dos establecimientos de mayor complejidad con aislamiento de cohorte para pacientes respiratorios\u201d.<\/p>\n","protected":false},"excerpt":{"rendered":"<p>Esto gracias a un trabajo realizado en conjunto con la Universidad de Atacama. Adem\u00e1s, las autoridades dieron a conocer que se est\u00e1n alistando los medios&hellip; <\/p>\n","protected":false},"author":2,"featured_media":22214,"comment_status":"open","ping_status":"closed","sticky":false,"template":"","format":"standard","meta":{"footnotes":""},"categories":[7],"tags":[],"class_list":["post-22213","post","type-post","status-publish","format-standard","has-post-thumbnail","hentry","category-atacama"],"_links":{"self":[{"href":"https:\/\/www.radioamigavallenar.cl\/index.php?rest_route=\/wp\/v2\/posts\/22213","targetHints":{"allow":["GET"]}}],"collection":[{"href":"https:\/\/www.radioamigavallenar.cl\/index.php?rest_route=\/wp\/v2\/posts"}],"about":[{"href":"https:\/\/www.radioamigavallenar.cl\/index.php?rest_route=\/wp\/v2\/types\/post"}],"author":[{"embeddable":true,"href":"https:\/\/www.radioamigavallenar.cl\/index.php?rest_route=\/wp\/v2\/users\/2"}],"replies":[{"embeddable":true,"href":"https:\/\/www.radioamigavallenar.cl\/index.php?rest_route=%2Fwp%2Fv2%2Fcomments&post=22213"}],"version-history":[{"count":0,"href":"https:\/\/www.radioamigavallenar.cl\/index.php?rest_route=\/wp\/v2\/posts\/22213\/revisions"}],"wp:featuredmedia":[{"embeddable":true,"href":"https:\/\/www.radioamigavallenar.cl\/index.php?rest_route=\/wp\/v2\/media\/22214"}],"wp:attachment":[{"href":"https:\/\/www.radioamigavallenar.cl\/index.php?rest_route=%2Fwp%2Fv2%2Fmedia&parent=22213"}],"wp:term":[{"taxonomy":"category","embeddable":true,"href":"https:\/\/www.radioamigavallenar.cl\/index.php?rest_route=%2Fwp%2Fv2%2Fcategories&post=22213"},{"taxonomy":"post_tag","embeddable":true,"href":"https:\/\/www.radioamigavallenar.cl\/index.php?rest_route=%2Fwp%2Fv2%2Ftags&post=22213"}],"curies":[{"name":"wp","href":"https:\/\/api.w.org\/{rel}","templated":true}]}}