{"id":22210,"date":"2020-03-21T09:22:24","date_gmt":"2020-03-21T12:22:24","guid":{"rendered":"https:\/\/www.radioamigavallenar.cl\/?p=22210"},"modified":"2020-03-21T09:22:25","modified_gmt":"2020-03-21T12:22:25","slug":"senador-prohens-y-los-beneficios-para-la-pequena-mineria-tras-anuncios-del-gobierno","status":"publish","type":"post","link":"https:\/\/www.radioamigavallenar.cl\/?p=22210","title":{"rendered":"Senador Prohens y los beneficios para la peque\u00f1a miner\u00eda tras anuncios del gobierno"},"content":{"rendered":"\n<div class=\"wp-block-image\"><figure class=\"aligncenter size-large\"><img loading=\"lazy\" decoding=\"async\" width=\"750\" height=\"400\" src=\"https:\/\/www.radioamigavallenar.cl\/wp-content\/uploads\/2020\/03\/rafael-prohens.jpg\" alt=\"\" class=\"wp-image-22211\" srcset=\"https:\/\/www.radioamigavallenar.cl\/wp-content\/uploads\/2020\/03\/rafael-prohens.jpg 750w, https:\/\/www.radioamigavallenar.cl\/wp-content\/uploads\/2020\/03\/rafael-prohens-300x160.jpg 300w\" sizes=\"auto, (max-width: 750px) 100vw, 750px\" \/><\/figure><\/div>\n\n\n\n<p><strong>El parlamentario por Atacama, Rafael Prohens, explic\u00f3 c\u00f3mo se ver\u00e1n reflejadas las medidas econ\u00f3micas impulsadas por el ministerio de Hacienda en el sector minero en la Regi\u00f3n de Atacama.<\/strong><\/p>\n\n\n\n<p>Seg\u00fan inform\u00f3 el senador, el gobierno continuar\u00e1 con la aplicaci\u00f3n de precio de sustentaci\u00f3n (subvenci\u00f3n al precio del cobre por parte del Estado) que, para la peque\u00f1a miner\u00eda corresponde a un 2,86 USD\/lb y para la mediana un 2,70 USD\/lb; el cual terminaba en marzo de este a\u00f1o pero que continuar\u00e1 por seis meses m\u00e1s. Agreg\u00f3 que, existir\u00e1 prorroga de padrones hasta el 30 de abril del 2020, situaci\u00f3n que se revisar\u00e1 el pr\u00f3ximo 15 del mismo mes.<\/p>\n\n\n\n<p>Respecto a la ampliaci\u00f3n de anticipos para la miner\u00eda en Chile, el senador dijo que \u201cel gobierno contribuir\u00e1 hasta el 40% adicional para productores mineros con entregas mayores a 500 toneladas, todo esto a 12 d\u00edas de la entrega del lote\u201d.<\/p>\n\n\n\n<p>En relaci\u00f3n a los anticipos para los productores de oro en la regi\u00f3n, se\u00f1al\u00f3 que \u201clos productores de este mineral, una vez que entreguen su mineral a ENAMI se les otorgar\u00e1 el 50% y cumpli\u00e9ndose el d\u00eda 12, se les agregar\u00e1 un 25% del anticipo. Lo que se traduce en un 75% de anticipo para esos mineros\u201d.<\/p>\n\n\n\n<p>Por otro lado, tambi\u00e9n se\u00f1al\u00f3 que se fijar\u00e1n beneficios, seg\u00fan corresponda ante la emergencia por coronavirus para las empresas medianas que eventualmente se vean perjudicadas por la detecci\u00f3n de casos. A estas se les reprogramar\u00e1n sus deudas y podr\u00e1n acceder a fondos a trav\u00e9s de cr\u00e9ditos mineros. \u201cTodo lo anterior, se analizar\u00e1 caso a caso\u201d, enfatiz\u00f3 Prohens.<\/p>\n\n\n\n<p>En la misma l\u00ednea, dijo que aumentar\u00e1n los fondos de fomento y cr\u00e9ditos para la peque\u00f1a miner\u00eda.<\/p>\n\n\n\n<p>Finalmente, el parlamentario se\u00f1al\u00f3 que \u201cesperamos que con estas medidas y otras que anunciar\u00e1 el ministro de Miner\u00eda en los pr\u00f3ximos d\u00edas podamos de alguna manera alivianar la carga tributaria y financiera de los peque\u00f1os y medianos mineros, esperamos que todos pongan un \u2018grano de arena\u2019.&nbsp; El Estado ha hecho lo suyo y nosotros tenemos aprovechar \u00e9stas instancias con la finalidad de no parar la producci\u00f3n y poder seguir trabajando para que nuestra regi\u00f3n progrese a pesar de las dificultades que enfrentamos hoy como pa\u00eds\u201d.<\/p>\n\n\n\n<p>\u201cHoy se dieron noticias muy importantes para el pa\u00eds y en especial para nuestra regi\u00f3n en relaci\u00f3n a la peque\u00f1a y mediana miner\u00eda. Son tres los anuncios, el primero de ellos; la renegociaci\u00f3n de deudas tributarias, la segunda postponer el pago de IVA al 30 de junio y postponer el pago de impuestos a la renta a la misma fecha. Esperamos que con estas medidas y otras que anunciar\u00e1 el ministro de Miner\u00eda en los pr\u00f3ximos d\u00edas podamos de alguna manera alivianar la carga tributaria y financiera de los peque\u00f1os y medianos mineros que han tenido hasta la fecha, en esta situaci\u00f3n que vivimos en nuestro pa\u00eds esperamos que todos pongan un \u2018grano de arena\u2019, el Estado ha hecho lo suyo y nosotros tenemos aprovechas estas instancias con la finalidad de no parar la producci\u00f3n y poder seguir trabajando para que nuestra regi\u00f3n progrese y siga trabajando avanzando a pesar de las dificultades que tenemos hoy d\u00eda en nuestro pa\u00eds.\u201d<\/p>\n","protected":false},"excerpt":{"rendered":"<p>El parlamentario por Atacama, Rafael Prohens, explic\u00f3 c\u00f3mo se ver\u00e1n reflejadas las medidas econ\u00f3micas impulsadas por el ministerio de Hacienda en el sector minero en&hellip; <\/p>\n","protected":false},"author":2,"featured_media":22211,"comment_status":"open","ping_status":"closed","sticky":false,"template":"","format":"standard","meta":{"footnotes":""},"categories":[7,34],"tags":[],"class_list":["post-22210","post","type-post","status-publish","format-standard","has-post-thumbnail","hentry","category-atacama","category-mineria"],"_links":{"self":[{"href":"https:\/\/www.radioamigavallenar.cl\/index.php?rest_route=\/wp\/v2\/posts\/22210","targetHints":{"allow":["GET"]}}],"collection":[{"href":"https:\/\/www.radioamigavallenar.cl\/index.php?rest_route=\/wp\/v2\/posts"}],"about":[{"href":"https:\/\/www.radioamigavallenar.cl\/index.php?rest_route=\/wp\/v2\/types\/post"}],"author":[{"embeddable":true,"href":"https:\/\/www.radioamigavallenar.cl\/index.php?rest_route=\/wp\/v2\/users\/2"}],"replies":[{"embeddable":true,"href":"https:\/\/www.radioamigavallenar.cl\/index.php?rest_route=%2Fwp%2Fv2%2Fcomments&post=22210"}],"version-history":[{"count":0,"href":"https:\/\/www.radioamigavallenar.cl\/index.php?rest_route=\/wp\/v2\/posts\/22210\/revisions"}],"wp:featuredmedia":[{"embeddable":true,"href":"https:\/\/www.radioamigavallenar.cl\/index.php?rest_route=\/wp\/v2\/media\/22211"}],"wp:attachment":[{"href":"https:\/\/www.radioamigavallenar.cl\/index.php?rest_route=%2Fwp%2Fv2%2Fmedia&parent=22210"}],"wp:term":[{"taxonomy":"category","embeddable":true,"href":"https:\/\/www.radioamigavallenar.cl\/index.php?rest_route=%2Fwp%2Fv2%2Fcategories&post=22210"},{"taxonomy":"post_tag","embeddable":true,"href":"https:\/\/www.radioamigavallenar.cl\/index.php?rest_route=%2Fwp%2Fv2%2Ftags&post=22210"}],"curies":[{"name":"wp","href":"https:\/\/api.w.org\/{rel}","templated":true}]}}