{"id":22207,"date":"2020-03-21T09:19:56","date_gmt":"2020-03-21T12:19:56","guid":{"rendered":"https:\/\/www.radioamigavallenar.cl\/?p=22207"},"modified":"2020-03-21T09:19:57","modified_gmt":"2020-03-21T12:19:57","slug":"diputado-mulet-frevs-no-se-va-a-eliminar-ningun-evento-electoral-eso-es-lo-importante","status":"publish","type":"post","link":"https:\/\/www.radioamigavallenar.cl\/?p=22207","title":{"rendered":"Diputado Mulet (FREVS): \u201cNo se va a eliminar ning\u00fan evento electoral, eso es lo importante\u201d"},"content":{"rendered":"\n<div class=\"wp-block-image\"><figure class=\"aligncenter size-large\"><img loading=\"lazy\" decoding=\"async\" width=\"1024\" height=\"576\" src=\"https:\/\/www.radioamigavallenar.cl\/wp-content\/uploads\/2020\/03\/video-la-dura-critica-de-mulet-a-1024x576.jpg\" alt=\"\" class=\"wp-image-22208\" srcset=\"https:\/\/www.radioamigavallenar.cl\/wp-content\/uploads\/2020\/03\/video-la-dura-critica-de-mulet-a-1024x576.jpg 1024w, https:\/\/www.radioamigavallenar.cl\/wp-content\/uploads\/2020\/03\/video-la-dura-critica-de-mulet-a-300x169.jpg 300w, https:\/\/www.radioamigavallenar.cl\/wp-content\/uploads\/2020\/03\/video-la-dura-critica-de-mulet-a-768x432.jpg 768w, https:\/\/www.radioamigavallenar.cl\/wp-content\/uploads\/2020\/03\/video-la-dura-critica-de-mulet-a.jpg 1280w\" sizes=\"auto, (max-width: 1024px) 100vw, 1024px\" \/><\/figure><\/div>\n\n\n\n<p><strong>Asimismo, el presidente de los Regionalistas, valor\u00f3 el acuerdo alcanzado para postergar el calendario electoral, en pos de priorizar la salud de los chilenos y chilenas, \u201cporque aqu\u00ed actuamos todos con generosidad\u201d.<\/strong><\/p>\n\n\n\n<p>El diputado y presidente de la Federaci\u00f3n Regionalista Verde Social, Jaime Mulet, valor\u00f3 el acuerdo alcanzado hoy por todos los presidentes de partidos\u00a0y parlamentarios para definir el nuevo calendario electoral, dada la crisis sanitaria por el Coronavirus que enfrenta el pa\u00eds.<\/p>\n\n\n\n<p>Al respecto, Mulet, quien en esta oportunidad si concurri\u00f3 invitado por la presidenta del Senado, Adriana Mu\u00f1oz, junto a los timoneles del PC, Guillermo Teillier, y del PRO, Camilo Lagos, \u2013 a diferencia de lo ocurrido el pasado 15 de noviembre cuando no participaron en la firma del Acuerdo por la Paz -, se\u00f1al\u00f3 que hoy si estuvieron porque&nbsp;<strong>\u201c<\/strong><strong>esto es actuar con responsabilidad, hoy d\u00eda el problema principal es el Coronavirus, nosotros tenemos que poner todo nuestro esfuerzo como actores pol\u00edticos, como parlamentarios, como partidos, en que esto cause el menor da\u00f1o posible a la poblaci\u00f3n, en que el Gobierno tome las medidas que, a nuestro juicio, ha estado bastante lento, pues hay mucho por hacer y eso es lo principal, por eso hab\u00eda que correr las elecciones, era obvio, el punto era c\u00f3mo ponernos de acuerdo porque aqu\u00ed actuamos todos con generosidad\u201d.<\/strong><\/p>\n\n\n\n<p><strong>\u201cNo se va a eliminar ning\u00fan evento electoral, eso es lo importante. Eliminar, juntar eventos electorales, significaba para unos ganar, para otros perder y eso, obviamente, era tener una mirada corta. Los procesos electorales siempre son complejos de manera que llegamos a un entendimiento, se hace primero el plebiscito de entrada el 25 de octubre, que es tan importante, es una lucha dada por la ciudadan\u00eda, que es lo central, y las elecciones de alcaldes, concejales, gobernadores regionales y convencionales constituyentes se realizar\u00e1n el d\u00eda 4 de abril del a\u00f1o 2021\u201d<\/strong><\/p>\n\n\n\n<p>Mulet explic\u00f3 la necesidad de trasladar las elecciones municipales para el pr\u00f3ximo a\u00f1o, \u201cporque debe haber un espacio entre una elecci\u00f3n y otra, m\u00e1s o menos el mismo espacio que hab\u00eda entre el 26 de abril y el 25 de octubre, como estaba fijada para ahora, o sea, se mantienen las dos elecciones, pero corrida entre 5 y 6 meses y eso es lo importante, que se va a hacer. Y ahora a esforzarnos porque el coronavirus golpee lo menos posible a la poblaci\u00f3n\u201d, concluy\u00f3.<\/p>\n","protected":false},"excerpt":{"rendered":"<p>Asimismo, el presidente de los Regionalistas, valor\u00f3 el acuerdo alcanzado para postergar el calendario electoral, en pos de priorizar la salud de los chilenos y&hellip; <\/p>\n","protected":false},"author":2,"featured_media":22208,"comment_status":"open","ping_status":"closed","sticky":false,"template":"","format":"standard","meta":{"footnotes":""},"categories":[7,37],"tags":[],"class_list":["post-22207","post","type-post","status-publish","format-standard","has-post-thumbnail","hentry","category-atacama","category-nacional"],"_links":{"self":[{"href":"https:\/\/www.radioamigavallenar.cl\/index.php?rest_route=\/wp\/v2\/posts\/22207","targetHints":{"allow":["GET"]}}],"collection":[{"href":"https:\/\/www.radioamigavallenar.cl\/index.php?rest_route=\/wp\/v2\/posts"}],"about":[{"href":"https:\/\/www.radioamigavallenar.cl\/index.php?rest_route=\/wp\/v2\/types\/post"}],"author":[{"embeddable":true,"href":"https:\/\/www.radioamigavallenar.cl\/index.php?rest_route=\/wp\/v2\/users\/2"}],"replies":[{"embeddable":true,"href":"https:\/\/www.radioamigavallenar.cl\/index.php?rest_route=%2Fwp%2Fv2%2Fcomments&post=22207"}],"version-history":[{"count":0,"href":"https:\/\/www.radioamigavallenar.cl\/index.php?rest_route=\/wp\/v2\/posts\/22207\/revisions"}],"wp:featuredmedia":[{"embeddable":true,"href":"https:\/\/www.radioamigavallenar.cl\/index.php?rest_route=\/wp\/v2\/media\/22208"}],"wp:attachment":[{"href":"https:\/\/www.radioamigavallenar.cl\/index.php?rest_route=%2Fwp%2Fv2%2Fmedia&parent=22207"}],"wp:term":[{"taxonomy":"category","embeddable":true,"href":"https:\/\/www.radioamigavallenar.cl\/index.php?rest_route=%2Fwp%2Fv2%2Fcategories&post=22207"},{"taxonomy":"post_tag","embeddable":true,"href":"https:\/\/www.radioamigavallenar.cl\/index.php?rest_route=%2Fwp%2Fv2%2Ftags&post=22207"}],"curies":[{"name":"wp","href":"https:\/\/api.w.org\/{rel}","templated":true}]}}