{"id":22203,"date":"2020-03-21T09:17:48","date_gmt":"2020-03-21T12:17:48","guid":{"rendered":"https:\/\/www.radioamigavallenar.cl\/?p=22203"},"modified":"2020-03-21T09:17:49","modified_gmt":"2020-03-21T12:17:49","slug":"senador-prohens-solicita-declarar-cuarentena-regional-en-atacama","status":"publish","type":"post","link":"https:\/\/www.radioamigavallenar.cl\/?p=22203","title":{"rendered":"Senador Prohens solicita declarar cuarentena regional en Atacama"},"content":{"rendered":"\n<div class=\"wp-block-image\"><figure class=\"aligncenter size-large\"><img loading=\"lazy\" decoding=\"async\" width=\"820\" height=\"620\" src=\"https:\/\/www.radioamigavallenar.cl\/wp-content\/uploads\/2019\/08\/file_20180711002830.jpg\" alt=\"\" class=\"wp-image-15892\" srcset=\"https:\/\/www.radioamigavallenar.cl\/wp-content\/uploads\/2019\/08\/file_20180711002830.jpg 820w, https:\/\/www.radioamigavallenar.cl\/wp-content\/uploads\/2019\/08\/file_20180711002830-300x227.jpg 300w, https:\/\/www.radioamigavallenar.cl\/wp-content\/uploads\/2019\/08\/file_20180711002830-768x581.jpg 768w\" sizes=\"auto, (max-width: 820px) 100vw, 820px\" \/><figcaption>Rafael Prohens, Senador (Foto: Israel Ch\u00e1vez)<\/figcaption><\/figure><\/div>\n\n\n\n<p><strong>Es necesario resguardar a todos los habitantes, se\u00f1al\u00f3 el Senador<\/strong><\/p>\n\n\n\n<p>Si bien a la fecha existe s\u00f3lo un paciente declarado como contagiado por el COVID-19, la poblaci\u00f3n est\u00e1 en alerta y tomando los resguardos necesarios para prevenir la propagaci\u00f3n del virus<\/p>\n\n\n\n<p>Consideramos que para cumplir con el aislamiento social, la principal forma para evitar la enfermedad y teniendo en cuenta que dentro de toda la emergencia, Atacama esta tomando un car\u00e1cter de \u201czona limpia\u201d y necesitamos resguardar a nuestros habitantes.<\/p>\n\n\n\n<p>Es por lo anterior, que solicito a la autoridad sanitaria nacional y regional declare CUARENTENA OBLIGATORIA.<\/p>\n\n\n\n<p>\u25fe\ufe0f&nbsp;Fortalecer las fronteras regionales e internacionales.<\/p>\n\n\n\n<p>\u25fe\ufe0f&nbsp;Establecer un salvoconducto sanitario.<\/p>\n\n\n\n<p>Aplicar el protocolo y control sanitario en el aeropuerto Desierto de Atacama, para asegurar que las personas que ingresen por motivos laborales o excepcionales, cumplan con el proceso de chequeo, revisi\u00f3n y control sanitario, adem\u00e1s de su declaraci\u00f3n jurada respectiva.<\/p>\n\n\n\n<p>Y que adem\u00e1s se tenga en consideraci\u00f3n para otras regiones aisladas y con hospitales provinciales que no tienen caracter\u00edsticas para subsanar una eventual crisis ante el \u201cpeak\u201d de contagios de COVID-19.<\/p>\n\n\n\n<figure class=\"wp-block-image size-large is-resized\"><img loading=\"lazy\" decoding=\"async\" src=\"https:\/\/www.radioamigavallenar.cl\/wp-content\/uploads\/2020\/03\/1descarga-670x1024.png\" alt=\"\" class=\"wp-image-22204\" width=\"580\" height=\"886\" srcset=\"https:\/\/www.radioamigavallenar.cl\/wp-content\/uploads\/2020\/03\/1descarga-670x1024.png 670w, https:\/\/www.radioamigavallenar.cl\/wp-content\/uploads\/2020\/03\/1descarga-196x300.png 196w, https:\/\/www.radioamigavallenar.cl\/wp-content\/uploads\/2020\/03\/1descarga-768x1174.png 768w, https:\/\/www.radioamigavallenar.cl\/wp-content\/uploads\/2020\/03\/1descarga-1005x1536.png 1005w, https:\/\/www.radioamigavallenar.cl\/wp-content\/uploads\/2020\/03\/1descarga.png 1221w\" sizes=\"auto, (max-width: 580px) 100vw, 580px\" \/><\/figure>\n\n\n\n<figure class=\"wp-block-image size-large\"><img loading=\"lazy\" decoding=\"async\" width=\"670\" height=\"1024\" src=\"https:\/\/www.radioamigavallenar.cl\/wp-content\/uploads\/2020\/03\/2descarga-670x1024.png\" alt=\"\" class=\"wp-image-22205\" srcset=\"https:\/\/www.radioamigavallenar.cl\/wp-content\/uploads\/2020\/03\/2descarga-670x1024.png 670w, https:\/\/www.radioamigavallenar.cl\/wp-content\/uploads\/2020\/03\/2descarga-196x300.png 196w, https:\/\/www.radioamigavallenar.cl\/wp-content\/uploads\/2020\/03\/2descarga-768x1174.png 768w, https:\/\/www.radioamigavallenar.cl\/wp-content\/uploads\/2020\/03\/2descarga-1005x1536.png 1005w, https:\/\/www.radioamigavallenar.cl\/wp-content\/uploads\/2020\/03\/2descarga.png 1221w\" sizes=\"auto, (max-width: 670px) 100vw, 670px\" \/><\/figure>\n","protected":false},"excerpt":{"rendered":"<p>Es necesario resguardar a todos los habitantes, se\u00f1al\u00f3 el Senador Si bien a la fecha existe s\u00f3lo un paciente declarado como contagiado por el COVID-19,&hellip; <\/p>\n","protected":false},"author":2,"featured_media":15892,"comment_status":"open","ping_status":"closed","sticky":false,"template":"","format":"standard","meta":{"footnotes":""},"categories":[7],"tags":[],"class_list":["post-22203","post","type-post","status-publish","format-standard","has-post-thumbnail","hentry","category-atacama"],"_links":{"self":[{"href":"https:\/\/www.radioamigavallenar.cl\/index.php?rest_route=\/wp\/v2\/posts\/22203","targetHints":{"allow":["GET"]}}],"collection":[{"href":"https:\/\/www.radioamigavallenar.cl\/index.php?rest_route=\/wp\/v2\/posts"}],"about":[{"href":"https:\/\/www.radioamigavallenar.cl\/index.php?rest_route=\/wp\/v2\/types\/post"}],"author":[{"embeddable":true,"href":"https:\/\/www.radioamigavallenar.cl\/index.php?rest_route=\/wp\/v2\/users\/2"}],"replies":[{"embeddable":true,"href":"https:\/\/www.radioamigavallenar.cl\/index.php?rest_route=%2Fwp%2Fv2%2Fcomments&post=22203"}],"version-history":[{"count":0,"href":"https:\/\/www.radioamigavallenar.cl\/index.php?rest_route=\/wp\/v2\/posts\/22203\/revisions"}],"wp:featuredmedia":[{"embeddable":true,"href":"https:\/\/www.radioamigavallenar.cl\/index.php?rest_route=\/wp\/v2\/media\/15892"}],"wp:attachment":[{"href":"https:\/\/www.radioamigavallenar.cl\/index.php?rest_route=%2Fwp%2Fv2%2Fmedia&parent=22203"}],"wp:term":[{"taxonomy":"category","embeddable":true,"href":"https:\/\/www.radioamigavallenar.cl\/index.php?rest_route=%2Fwp%2Fv2%2Fcategories&post=22203"},{"taxonomy":"post_tag","embeddable":true,"href":"https:\/\/www.radioamigavallenar.cl\/index.php?rest_route=%2Fwp%2Fv2%2Ftags&post=22203"}],"curies":[{"name":"wp","href":"https:\/\/api.w.org\/{rel}","templated":true}]}}