{"id":22200,"date":"2020-03-21T09:14:19","date_gmt":"2020-03-21T12:14:19","guid":{"rendered":"https:\/\/www.radioamigavallenar.cl\/?p=22200"},"modified":"2020-03-21T09:14:20","modified_gmt":"2020-03-21T12:14:20","slug":"sercotec-atacama-invita-a-ser-parte-de-la-convocatoria-capital-abeja-2020","status":"publish","type":"post","link":"https:\/\/www.radioamigavallenar.cl\/?p=22200","title":{"rendered":"Sercotec Atacama invita a ser parte de la convocatoria Capital Abeja 2020"},"content":{"rendered":"\n<div class=\"wp-block-image\"><figure class=\"aligncenter size-large\"><img loading=\"lazy\" decoding=\"async\" width=\"900\" height=\"559\" src=\"https:\/\/www.radioamigavallenar.cl\/wp-content\/uploads\/2020\/03\/WhatsApp-Image-2020-03-20-at-13.40.29-scaled-1.jpeg\" alt=\"\" class=\"wp-image-22201\" srcset=\"https:\/\/www.radioamigavallenar.cl\/wp-content\/uploads\/2020\/03\/WhatsApp-Image-2020-03-20-at-13.40.29-scaled-1.jpeg 900w, https:\/\/www.radioamigavallenar.cl\/wp-content\/uploads\/2020\/03\/WhatsApp-Image-2020-03-20-at-13.40.29-scaled-1-300x186.jpeg 300w, https:\/\/www.radioamigavallenar.cl\/wp-content\/uploads\/2020\/03\/WhatsApp-Image-2020-03-20-at-13.40.29-scaled-1-768x477.jpeg 768w\" sizes=\"auto, (max-width: 900px) 100vw, 900px\" \/><\/figure><\/div>\n\n\n\n<p><strong>La Directora Regional de Sercotec, Natalia Bravo Bassi invita a todas las mujeres de las nueve comunas de la regi\u00f3n de Atacama a participar del tan esperado Capital Abeja, enfocado en potenciar proyectos de negocios que sean liderados por mujeres.<\/strong><\/p>\n\n\n\n<p>Comprendiendo la urgencia sanitaria por Coronavirus pero estando concientes de la urgencia de apoyo a todos los emprendedores, a trav\u00e9s de todas las plataformas digitales, Sercotec inicia la apertura del Capital Abeja Emprende, programa que busca apoyar a todas las mujeres del pa\u00eds que desean comenzar un emprendimiento y que est\u00e1n buscando una oportunidad de participar en el mercado o implementar su idea de negocio.<\/p>\n\n\n\n<p>El Capital Abeja de Sercotec es uno de los beneficios concursables m\u00e1s esperados del a\u00f1o, por lo que toda la instituci\u00f3n trabaj\u00f3 para poner a disposici\u00f3n una serie de acciones concretas basadas en el modelo de \u201casesor\u00eda y acompa\u00f1amiento a distancia\u201d, con el fin de respetar los cuidados sanitarios que ha dispuesto el Gobierno y el plan de contingencia, pero sin descuidar el importante rol que tiene el Servicio con el crecimiento y desarrollo de todos los emprendedores.<\/p>\n\n\n\n<p>De hecho, un dato clave es que el 65,1 % corresponde al porcentaje de mujeres beneficiadas por nuestros programas regulares de Sercotec durante el 2019. Tambi\u00e9n es necesario destacar que la Regi\u00f3n de la Araucan\u00eda concentra un 75,1% de mujeres beneficiadas por Sercotec el a\u00f1o pasado y le sigue B\u00edoB\u00edo con un 71,9% y Atacama con un 70,5%. Esas cifras son el reflejo del compromiso que Sercotec tiene con las pymes y sigue trabajando para que esas cifras aumenten durante este a\u00f1o.<\/p>\n\n\n\n<p>Manuel Nanjar\u00ed Contreras, Seremi de Econom\u00eda Regi\u00f3n de Atacama enfatiza la importancia de este nuevo apoyo a los emprendedores&nbsp;<strong>\u00abcomo Gobierno, y pese a la contingencia sanitaria seguimos con un f\u00e9rreo compromiso hacia nuestros emprendedores. Por esto, Sercotec contin\u00faa con su oferta regular y lanza una nueva versi\u00f3n del programa Capital Abeja, fondo concursable con el sello de la fuerza y compromiso de todas las mujeres, promoviendo la creaci\u00f3n de nuevos negocios que tengan oportunidades de participar en el mercado y donde pueden obtener un aporte de hasta tres millones y medio de pesos para fortalecer sus ideas de negocio.<\/strong><\/p>\n\n\n\n<p><strong>Por esto, hacemos un llamado a todas las mujeres y m\u00e1s a\u00fan a las jefas de hogar que d\u00eda a d\u00eda se esfuerzan por ser el sustento para su familia, para que puedan participar y desarollar sus emprendimientos. El gobierno del Presidente Sebasti\u00e1n Pi\u00f1era ha asumido un real compromiso con las emprendedoras, por lo cual, hemos puesto a disposici\u00f3n l\u00edneas de financiamiento que apunten a su desarrollo y crecimiento\u201d<\/strong><\/p>\n\n\n\n<p>Natalia Bravo Bassi, Directora Regional de Sercotec, explica que&nbsp;<strong>\u201cAhora &nbsp;m\u00e1s que nunca seguiremos trabajando por nuestros emprendedores.&nbsp; Porque s\u00e9 que necesitan apoyo, quiero invitar a todas las mujeres emprendedoras de nuestra regi\u00f3n de Atacama a que sean parte del Programa Capital Abeja Emprende de Sercotec, un programa con foco de g\u00e9nero, a trav\u00e9s del cual se pueden obtener un subsidio de hasta $3.500.000 que les permitir\u00e1 concretar sus proyectos de negocios\u201d.<\/strong><\/p>\n\n\n\n<p>Para postular las emprendedoras interesadas deben registrarse en el sitio web&nbsp;<a href=\"http:\/\/www.sercotec.cl\/\">www.sercotec.cl<\/a><\/p>\n\n\n\n<p class=\"has-text-align-center\"><strong>\u00bfQu\u00e9 es el Capital Abeja?<\/strong><\/p>\n\n\n\n<p>Es un fondo concursable enfocado en mujeres mayores de 18 a\u00f1os, que promueve la creaci\u00f3n de nuevos negocios que puedan participar en el mercado. Sercotec financia en conjunto con la emprendedora, un plan de trabajo destinado a implementar una idea de negocio, el cual incluye acciones de: gesti\u00f3n empresarial como capacitaciones, asistencia t\u00e9cnica (consultor\u00edas) y acciones de marketing (difusi\u00f3n y publicidad); m\u00e1s la inversi\u00f3n en bienes necesarios para cumplir el objetivo del proyecto o emprendimiento.<\/p>\n\n\n\n<p><strong>\u00bfA qui\u00e9n est\u00e1 dirigido?<\/strong>&nbsp;A mujeres emprendedoras, sin inicio de actividades en primera categor\u00eda ante el Servicio de Impuestos Internos (SII), que presenten una idea de negocio en l\u00ednea con el foco definido por la Direcci\u00f3n Regional de Sercotec.<\/p>\n\n\n\n<p><strong>\u00bfQu\u00e9 apoyo entrega?<\/strong>&nbsp;El programa Capital Abeja, entrega un beneficio m\u00e1ximo de $3.500.000 para que la emprendedora lleve a cabo las actividades detalladas en su idea de negocio. El monto puede ser utilizado para inversi\u00f3n de bienes y acciones de gesti\u00f3n empresarial, cada uno con tope espec\u00edfico en gastos: Inversiones, m\u00e1ximo $3.300.000; Gesti\u00f3n Empresarial: M\u00ednimo $200.000 y m\u00e1ximo $500.000.- montos distribuidos al menos en uno de los siguientes \u00edtems: asistencia t\u00e9cnica y asesor\u00eda en gesti\u00f3n (ej: contrataci\u00f3n de servicios de consultor\u00eda). Adem\u00e1s, Capacitaci\u00f3n y Acciones de marketing.<\/p>\n\n\n\n<p><strong>Requisitos para postular:<\/strong><\/p>\n\n\n\n<ul class=\"wp-block-list\"><li>Ser persona natural de nacionalidad chilena o extranjera, de sexo femenino y mayor de 18 a\u00f1os, sin inicio en actividades de primera categor\u00eda ante el Servicio de Impuestos Internos (SII).<\/li><li>No tener deudas laborales y\/o previsionales, ni multas impagas, a la fecha de la postulaci\u00f3n. Sercotec validar\u00e1 nuevamente este requisito al momento de formalizar.<\/li><li>No tener deudas tributarias liquidadas morosas a la fecha de la postulaci\u00f3n. Sercotec validar\u00e1 nuevamente este requisito al momento de la formalizaci\u00f3n.<\/li><li>No tener condenas por pr\u00e1cticas antisindicales o infracci\u00f3n a derechos fundamentales del trabajador, dentro de los dos a\u00f1os anteriores a la fecha de cierre de la postulaci\u00f3n.<\/li><li>No tener rendiciones pendientes con Sercotec y\/o con el Agente Operador de Sercotec a la fecha de inicio de la convocatoria.<\/li><li>No haber incumplido las obligaciones contractuales de un proyecto de Sercotec con el Agente Operador, dentro de los dos a\u00f1os anteriores a la fecha de inicio de la convocatoria.<\/li><\/ul>\n","protected":false},"excerpt":{"rendered":"<p>La Directora Regional de Sercotec, Natalia Bravo Bassi invita a todas las mujeres de las nueve comunas de la regi\u00f3n de Atacama a participar del&hellip; <\/p>\n","protected":false},"author":2,"featured_media":22201,"comment_status":"open","ping_status":"closed","sticky":false,"template":"","format":"standard","meta":{"footnotes":""},"categories":[7],"tags":[],"class_list":["post-22200","post","type-post","status-publish","format-standard","has-post-thumbnail","hentry","category-atacama"],"_links":{"self":[{"href":"https:\/\/www.radioamigavallenar.cl\/index.php?rest_route=\/wp\/v2\/posts\/22200","targetHints":{"allow":["GET"]}}],"collection":[{"href":"https:\/\/www.radioamigavallenar.cl\/index.php?rest_route=\/wp\/v2\/posts"}],"about":[{"href":"https:\/\/www.radioamigavallenar.cl\/index.php?rest_route=\/wp\/v2\/types\/post"}],"author":[{"embeddable":true,"href":"https:\/\/www.radioamigavallenar.cl\/index.php?rest_route=\/wp\/v2\/users\/2"}],"replies":[{"embeddable":true,"href":"https:\/\/www.radioamigavallenar.cl\/index.php?rest_route=%2Fwp%2Fv2%2Fcomments&post=22200"}],"version-history":[{"count":0,"href":"https:\/\/www.radioamigavallenar.cl\/index.php?rest_route=\/wp\/v2\/posts\/22200\/revisions"}],"wp:featuredmedia":[{"embeddable":true,"href":"https:\/\/www.radioamigavallenar.cl\/index.php?rest_route=\/wp\/v2\/media\/22201"}],"wp:attachment":[{"href":"https:\/\/www.radioamigavallenar.cl\/index.php?rest_route=%2Fwp%2Fv2%2Fmedia&parent=22200"}],"wp:term":[{"taxonomy":"category","embeddable":true,"href":"https:\/\/www.radioamigavallenar.cl\/index.php?rest_route=%2Fwp%2Fv2%2Fcategories&post=22200"},{"taxonomy":"post_tag","embeddable":true,"href":"https:\/\/www.radioamigavallenar.cl\/index.php?rest_route=%2Fwp%2Fv2%2Ftags&post=22200"}],"curies":[{"name":"wp","href":"https:\/\/api.w.org\/{rel}","templated":true}]}}