{"id":22197,"date":"2020-03-21T09:13:03","date_gmt":"2020-03-21T12:13:03","guid":{"rendered":"https:\/\/www.radioamigavallenar.cl\/?p=22197"},"modified":"2020-03-21T09:13:04","modified_gmt":"2020-03-21T12:13:04","slug":"ministro-prokurica-hay-un-paquete-potente-de-medidas-para-ayudar-a-la-pequena-y-mediana-mineria","status":"publish","type":"post","link":"https:\/\/www.radioamigavallenar.cl\/?p=22197","title":{"rendered":"Ministro Prokurica: \u201cHay un paquete potente de medidas para ayudar a la peque\u00f1a y mediana miner\u00eda\u00bb"},"content":{"rendered":"\n<div class=\"wp-block-image\"><figure class=\"aligncenter size-large\"><img loading=\"lazy\" decoding=\"async\" width=\"1024\" height=\"684\" src=\"https:\/\/www.radioamigavallenar.cl\/wp-content\/uploads\/2020\/03\/Ministro-Prokurica-\u201cLa-actividad-econ\u00f3mica-est\u00e1-reflejando-que-las-medidas-para-acelerar-la-inversi\u00f3n-est\u00e1n-siendo-efectivas\u201d-1024x684-2.jpg\" alt=\"\" class=\"wp-image-22198\" srcset=\"https:\/\/www.radioamigavallenar.cl\/wp-content\/uploads\/2020\/03\/Ministro-Prokurica-\u201cLa-actividad-econ\u00f3mica-est\u00e1-reflejando-que-las-medidas-para-acelerar-la-inversi\u00f3n-est\u00e1n-siendo-efectivas\u201d-1024x684-2.jpg 1024w, https:\/\/www.radioamigavallenar.cl\/wp-content\/uploads\/2020\/03\/Ministro-Prokurica-\u201cLa-actividad-econ\u00f3mica-est\u00e1-reflejando-que-las-medidas-para-acelerar-la-inversi\u00f3n-est\u00e1n-siendo-efectivas\u201d-1024x684-2-300x200.jpg 300w, https:\/\/www.radioamigavallenar.cl\/wp-content\/uploads\/2020\/03\/Ministro-Prokurica-\u201cLa-actividad-econ\u00f3mica-est\u00e1-reflejando-que-las-medidas-para-acelerar-la-inversi\u00f3n-est\u00e1n-siendo-efectivas\u201d-1024x684-2-768x513.jpg 768w\" sizes=\"auto, (max-width: 1024px) 100vw, 1024px\" \/><\/figure><\/div>\n\n\n\n<p><strong>El secretario de Estado valor\u00f3 las iniciativas propuestas por la Empresa Nacional de Miner\u00eda para entregar apoyo a los peque\u00f1os productores en medio de la emergencia sanitaria.<br><\/strong><\/p>\n\n\n\n<p>El ministro de Miner\u00eda, Baldo Prokurica, se\u00f1al\u00f3 que el Gobierno lanz\u00f3 un \u201cpaquete potente de medidas para ayudar a los trabajadores, a las pymes, y a la peque\u00f1a y mediana miner\u00eda\u201d, ante la compleja situaci\u00f3n que vive el pa\u00eds por la propagaci\u00f3n del coronavirus.<\/p>\n\n\n\n<p>\u201cEl Gobierno del Presidente Sebasti\u00e1n Pi\u00f1era ha hecho un esfuerzo sin precedentes de una cantidad muy importante de recursos, que llega a los US$11.750 millones. Esto apunta a que aquellas personas que hacen teletrabajo o que, eventualmente, pueden llegar a un acuerdo con su empresa, no pierdan sus empleos posteriormente\u201d, explic\u00f3 el secretario de Estado.<\/p>\n\n\n\n<p>En esa l\u00ednea, destac\u00f3 que \u201cse est\u00e1 haciendo un esfuerzo muy importante para apoyar a las pymes en donde se est\u00e1 postergando el pago del IVA por tres meses y el impuesto a la renta por cuatro meses. Los pagos previsionales mensuales tambi\u00e9n se pueden posponer, abriendo una gran renegociaci\u00f3n de las deudas tributarias, en donde se pueden condonar intereses y multas\u201d.<\/p>\n\n\n\n<p><strong>Medidas de la Enami<\/strong><\/p>\n\n\n\n<p>Por otra parte, el ministro Baldo Prokurica destac\u00f3 los anuncios de la Empresa Nacional de Miner\u00eda (Enami), para apoyar a los peque\u00f1os productores.<\/p>\n\n\n\n<p>De esta forma, el titular de Miner\u00eda explic\u00f3 que existe \u201cun paquete especial, donde se est\u00e1 aplicando un precio de sustentaci\u00f3n a US$2,86 para la peque\u00f1a miner\u00eda, esto significa que el sector no sufrir\u00e1 la baja del precio internacional de la libra de cobre; la pr\u00f3rroga de los padrones hasta el 30 de abril y eventualmente esto se puede volver a hacer; la ampliaci\u00f3n de anticipos del 40% adicionales a productores que entreguen m\u00e1s de 500 toneladas; la mejora de anticipo para productores de oro; la reprogramaci\u00f3n de las deudas que tienen con la Enami; y otras medidas m\u00e1s, como el aumento del presupuesto de fondos de fomento\u201d.<\/p>\n\n\n\n<p>Para el secretario de Estado, \u201caqu\u00ed hay un paquete potente para poder ayudar a los trabajadores, a las pymes y por supuesto a la peque\u00f1a y mediana miner\u00eda que est\u00e1 pasando por un momento complejo, dif\u00edcil, y que el Gobierno tiende una mano para todos, de tal manera de que podamos salir adelante juntos de este problema del coronavirus\u201d.<\/p>\n","protected":false},"excerpt":{"rendered":"<p>El secretario de Estado valor\u00f3 las iniciativas propuestas por la Empresa Nacional de Miner\u00eda para entregar apoyo a los peque\u00f1os productores en medio de la&hellip; <\/p>\n","protected":false},"author":2,"featured_media":22198,"comment_status":"open","ping_status":"closed","sticky":false,"template":"","format":"standard","meta":{"footnotes":""},"categories":[34,37],"tags":[],"class_list":["post-22197","post","type-post","status-publish","format-standard","has-post-thumbnail","hentry","category-mineria","category-nacional"],"_links":{"self":[{"href":"https:\/\/www.radioamigavallenar.cl\/index.php?rest_route=\/wp\/v2\/posts\/22197","targetHints":{"allow":["GET"]}}],"collection":[{"href":"https:\/\/www.radioamigavallenar.cl\/index.php?rest_route=\/wp\/v2\/posts"}],"about":[{"href":"https:\/\/www.radioamigavallenar.cl\/index.php?rest_route=\/wp\/v2\/types\/post"}],"author":[{"embeddable":true,"href":"https:\/\/www.radioamigavallenar.cl\/index.php?rest_route=\/wp\/v2\/users\/2"}],"replies":[{"embeddable":true,"href":"https:\/\/www.radioamigavallenar.cl\/index.php?rest_route=%2Fwp%2Fv2%2Fcomments&post=22197"}],"version-history":[{"count":0,"href":"https:\/\/www.radioamigavallenar.cl\/index.php?rest_route=\/wp\/v2\/posts\/22197\/revisions"}],"wp:featuredmedia":[{"embeddable":true,"href":"https:\/\/www.radioamigavallenar.cl\/index.php?rest_route=\/wp\/v2\/media\/22198"}],"wp:attachment":[{"href":"https:\/\/www.radioamigavallenar.cl\/index.php?rest_route=%2Fwp%2Fv2%2Fmedia&parent=22197"}],"wp:term":[{"taxonomy":"category","embeddable":true,"href":"https:\/\/www.radioamigavallenar.cl\/index.php?rest_route=%2Fwp%2Fv2%2Fcategories&post=22197"},{"taxonomy":"post_tag","embeddable":true,"href":"https:\/\/www.radioamigavallenar.cl\/index.php?rest_route=%2Fwp%2Fv2%2Ftags&post=22197"}],"curies":[{"name":"wp","href":"https:\/\/api.w.org\/{rel}","templated":true}]}}