{"id":22194,"date":"2020-03-21T09:11:53","date_gmt":"2020-03-21T12:11:53","guid":{"rendered":"https:\/\/www.radioamigavallenar.cl\/?p=22194"},"modified":"2020-03-21T09:11:54","modified_gmt":"2020-03-21T12:11:54","slug":"alcaldes-de-atacama-inician-cuarentena-preventiva-en-la-9-comunas-de-la-region","status":"publish","type":"post","link":"https:\/\/www.radioamigavallenar.cl\/?p=22194","title":{"rendered":"Alcaldes de Atacama inician cuarentena preventiva en la 9 comunas de la regi\u00f3n"},"content":{"rendered":"\n<div class=\"wp-block-image\"><figure class=\"aligncenter size-large\"><img loading=\"lazy\" decoding=\"async\" width=\"684\" height=\"512\" src=\"https:\/\/www.radioamigavallenar.cl\/wp-content\/uploads\/2020\/03\/Screenshot.png\" alt=\"\" class=\"wp-image-22195\" srcset=\"https:\/\/www.radioamigavallenar.cl\/wp-content\/uploads\/2020\/03\/Screenshot.png 684w, https:\/\/www.radioamigavallenar.cl\/wp-content\/uploads\/2020\/03\/Screenshot-300x225.png 300w\" sizes=\"auto, (max-width: 684px) 100vw, 684px\" \/><\/figure><\/div>\n\n\n\n<p><strong>\u201cJunto al Colegio M\u00e9dico, asistieron a encuentro con el General Enrique Heyermann R\u00edos, Jefe de la Defensa Nacional, regi\u00f3n de Atacama\u201d<\/strong><\/p>\n\n\n\n<p>En dependencias del Regimiento de Infanter\u00eda N\u00b0 23 Copiap\u00f3, se realiz\u00f3 un encuentro de los Alcaldes, Alcaldesas y Colegio M\u00e9dico de Atacama con el General Heyermann, a quien narraron las diversas acciones que han estado realizando en pos de prevenir el contagio del COVID 19 en sus comunas y regi\u00f3n, entre las que se cuenta el inicio de Cuarentena en las 9 comunas para impedir que el virus llegue a la comunidad, ante lo cual el jefe militar manifest\u00f3 que esta facultad es privativa del ejecutivo y ante lo cual el solo puede realizar acciones de coordinaci\u00f3n con cada comuna en la medida de los requerimientos. <\/p>\n\n\n\n<p>Ante esta situaci\u00f3n los alcaldes y alcaldesas iniciaron el proceso para que a partir de las 00 hrs de este 21 de Marzo comienzan, en la regi\u00f3n de Atacama, las cuarentenas preventivas comunales, de hecho ya los municipios han elaborado los respectivos decretos que consignan la medida. Por su parte el Colegio M\u00e9dico Regional, a trav\u00e9s de su presidente el doctor\u00a0 Carlo Pezo, valor\u00f3 la decisi\u00f3n de los ediles, porque esto permitir\u00e1 que se pueda prevenir de manera efectiva la llegada del Corona Virus a la regi\u00f3n de Atacama y sus comunas, manifest\u00f3.<\/p>\n\n\n\n<p>Por su parte, Ra\u00fal Salas Aguilera, Presidente de Arma y alcalde de Cha\u00f1aral, valor\u00f3 la participaci\u00f3n de los 9 municipios de la regi\u00f3n, quienes una vez m\u00e1s actuamos juntos por el&nbsp; bien de las familias en nuestras comunas, sentenci\u00f3<\/p>\n","protected":false},"excerpt":{"rendered":"<p>\u201cJunto al Colegio M\u00e9dico, asistieron a encuentro con el General Enrique Heyermann R\u00edos, Jefe de la Defensa Nacional, regi\u00f3n de Atacama\u201d En dependencias del Regimiento&hellip; <\/p>\n","protected":false},"author":2,"featured_media":22195,"comment_status":"open","ping_status":"closed","sticky":false,"template":"","format":"standard","meta":{"footnotes":""},"categories":[5,7,3,4,1,2],"tags":[],"class_list":["post-22194","post","type-post","status-publish","format-standard","has-post-thumbnail","hentry","category-alto-del-carmen","category-atacama","category-freirina","category-huasco","category-provincia-del-huasco-2","category-vallenar"],"_links":{"self":[{"href":"https:\/\/www.radioamigavallenar.cl\/index.php?rest_route=\/wp\/v2\/posts\/22194","targetHints":{"allow":["GET"]}}],"collection":[{"href":"https:\/\/www.radioamigavallenar.cl\/index.php?rest_route=\/wp\/v2\/posts"}],"about":[{"href":"https:\/\/www.radioamigavallenar.cl\/index.php?rest_route=\/wp\/v2\/types\/post"}],"author":[{"embeddable":true,"href":"https:\/\/www.radioamigavallenar.cl\/index.php?rest_route=\/wp\/v2\/users\/2"}],"replies":[{"embeddable":true,"href":"https:\/\/www.radioamigavallenar.cl\/index.php?rest_route=%2Fwp%2Fv2%2Fcomments&post=22194"}],"version-history":[{"count":0,"href":"https:\/\/www.radioamigavallenar.cl\/index.php?rest_route=\/wp\/v2\/posts\/22194\/revisions"}],"wp:featuredmedia":[{"embeddable":true,"href":"https:\/\/www.radioamigavallenar.cl\/index.php?rest_route=\/wp\/v2\/media\/22195"}],"wp:attachment":[{"href":"https:\/\/www.radioamigavallenar.cl\/index.php?rest_route=%2Fwp%2Fv2%2Fmedia&parent=22194"}],"wp:term":[{"taxonomy":"category","embeddable":true,"href":"https:\/\/www.radioamigavallenar.cl\/index.php?rest_route=%2Fwp%2Fv2%2Fcategories&post=22194"},{"taxonomy":"post_tag","embeddable":true,"href":"https:\/\/www.radioamigavallenar.cl\/index.php?rest_route=%2Fwp%2Fv2%2Ftags&post=22194"}],"curies":[{"name":"wp","href":"https:\/\/api.w.org\/{rel}","templated":true}]}}