{"id":22191,"date":"2020-03-21T09:10:01","date_gmt":"2020-03-21T12:10:01","guid":{"rendered":"https:\/\/www.radioamigavallenar.cl\/?p=22191"},"modified":"2020-03-21T09:10:05","modified_gmt":"2020-03-21T12:10:05","slug":"municipio-de-copiapo-declara-cuarentena-preventiva","status":"publish","type":"post","link":"https:\/\/www.radioamigavallenar.cl\/?p=22191","title":{"rendered":"Municipio de Copiap\u00f3 declara cuarentena preventiva"},"content":{"rendered":"\n<div class=\"wp-block-image\"><figure class=\"aligncenter size-large\"><img loading=\"lazy\" decoding=\"async\" width=\"1024\" height=\"640\" src=\"https:\/\/www.radioamigavallenar.cl\/wp-content\/uploads\/2020\/03\/copiapo-2048x1280-1-1024x640.jpg\" alt=\"\" class=\"wp-image-22192\" srcset=\"https:\/\/www.radioamigavallenar.cl\/wp-content\/uploads\/2020\/03\/copiapo-2048x1280-1-1024x640.jpg 1024w, https:\/\/www.radioamigavallenar.cl\/wp-content\/uploads\/2020\/03\/copiapo-2048x1280-1-300x188.jpg 300w, https:\/\/www.radioamigavallenar.cl\/wp-content\/uploads\/2020\/03\/copiapo-2048x1280-1-768x480.jpg 768w, https:\/\/www.radioamigavallenar.cl\/wp-content\/uploads\/2020\/03\/copiapo-2048x1280-1-1536x960.jpg 1536w, https:\/\/www.radioamigavallenar.cl\/wp-content\/uploads\/2020\/03\/copiapo-2048x1280-1.jpg 2048w\" sizes=\"auto, (max-width: 1024px) 100vw, 1024px\" \/><\/figure><\/div>\n\n\n\n<p><strong>Se adoptan medidas de mitigaci\u00f3n por el brote del Covid-19<\/strong><\/p>\n\n\n\n<p>Mediante un decreto municipal, la Ilustre Municipalidad de Copiap\u00f3, informa a la comunidad sobre las medidas adoptadas para prevenir el brote del Covid-19, Coronavirus en la capital de Atacama, donde se detallan aspectos relacionados con la \u00abcuarentena preventiva\u00bb<\/p>\n\n\n\n<p>Dicho decreto se\u00f1ala entre uno de sus puntos que,&nbsp; con la idea de evitar una emergencia sanitaria en la comuna, es necesario adoptar todas las medidas pertinentes que permitan mitigar y prevenir los graves problemas que se producir\u00e1n a consecuencia de la enfermedad del Coronavirus<\/p>\n\n\n\n<p>En tal sentido el Municipio declara cuarentena preventiva en la comuna de Copiap\u00f3, a partir de la total tramitaci\u00f3n del presente acto administrativo,&nbsp;<strong>llamando al comercio establecido a que voluntariamente cierren sus dependencias y a mantener los locales de abastecimiento de alimentos de primera necesidad, construcci\u00f3n, combustible y medicamentos en los siguiente horarios de funcionamiento de 09 a 18 horas y&nbsp; a la poblaci\u00f3n a cumplir las medidas sanitarias necesarias para evitar una propagaci\u00f3n del denominado coronavirus y&nbsp; procurar mantenerse en sus hogares.<\/strong><\/p>\n\n\n\n<p>De paso se suspenden todas las actividades , deportivas, culturales y recreativas que organiza la casa edilicia.<br><\/p>\n","protected":false},"excerpt":{"rendered":"<p>Se adoptan medidas de mitigaci\u00f3n por el brote del Covid-19 Mediante un decreto municipal, la Ilustre Municipalidad de Copiap\u00f3, informa a la comunidad sobre las&hellip; <\/p>\n","protected":false},"author":2,"featured_media":22192,"comment_status":"open","ping_status":"closed","sticky":false,"template":"","format":"standard","meta":{"footnotes":""},"categories":[7],"tags":[],"class_list":["post-22191","post","type-post","status-publish","format-standard","has-post-thumbnail","hentry","category-atacama"],"_links":{"self":[{"href":"https:\/\/www.radioamigavallenar.cl\/index.php?rest_route=\/wp\/v2\/posts\/22191","targetHints":{"allow":["GET"]}}],"collection":[{"href":"https:\/\/www.radioamigavallenar.cl\/index.php?rest_route=\/wp\/v2\/posts"}],"about":[{"href":"https:\/\/www.radioamigavallenar.cl\/index.php?rest_route=\/wp\/v2\/types\/post"}],"author":[{"embeddable":true,"href":"https:\/\/www.radioamigavallenar.cl\/index.php?rest_route=\/wp\/v2\/users\/2"}],"replies":[{"embeddable":true,"href":"https:\/\/www.radioamigavallenar.cl\/index.php?rest_route=%2Fwp%2Fv2%2Fcomments&post=22191"}],"version-history":[{"count":0,"href":"https:\/\/www.radioamigavallenar.cl\/index.php?rest_route=\/wp\/v2\/posts\/22191\/revisions"}],"wp:featuredmedia":[{"embeddable":true,"href":"https:\/\/www.radioamigavallenar.cl\/index.php?rest_route=\/wp\/v2\/media\/22192"}],"wp:attachment":[{"href":"https:\/\/www.radioamigavallenar.cl\/index.php?rest_route=%2Fwp%2Fv2%2Fmedia&parent=22191"}],"wp:term":[{"taxonomy":"category","embeddable":true,"href":"https:\/\/www.radioamigavallenar.cl\/index.php?rest_route=%2Fwp%2Fv2%2Fcategories&post=22191"},{"taxonomy":"post_tag","embeddable":true,"href":"https:\/\/www.radioamigavallenar.cl\/index.php?rest_route=%2Fwp%2Fv2%2Ftags&post=22191"}],"curies":[{"name":"wp","href":"https:\/\/api.w.org\/{rel}","templated":true}]}}