{"id":22187,"date":"2020-03-20T11:51:07","date_gmt":"2020-03-20T14:51:07","guid":{"rendered":"https:\/\/www.radioamigavallenar.cl\/?p=22187"},"modified":"2020-03-20T11:51:09","modified_gmt":"2020-03-20T14:51:09","slug":"seremi-de-agricultura-se-refirio-al-abastecimiento-de-frutas-y-verduras-en-la-region","status":"publish","type":"post","link":"https:\/\/www.radioamigavallenar.cl\/?p=22187","title":{"rendered":"Seremi de Agricultura se refiri\u00f3 al abastecimiento de frutas y verduras en la regi\u00f3n"},"content":{"rendered":"\n<div class=\"wp-block-image\"><figure class=\"aligncenter size-large\"><img loading=\"lazy\" decoding=\"async\" width=\"900\" height=\"600\" src=\"https:\/\/www.radioamigavallenar.cl\/wp-content\/uploads\/2020\/03\/verduras-feria.jpg\" alt=\"\" class=\"wp-image-22188\" srcset=\"https:\/\/www.radioamigavallenar.cl\/wp-content\/uploads\/2020\/03\/verduras-feria.jpg 900w, https:\/\/www.radioamigavallenar.cl\/wp-content\/uploads\/2020\/03\/verduras-feria-300x200.jpg 300w, https:\/\/www.radioamigavallenar.cl\/wp-content\/uploads\/2020\/03\/verduras-feria-768x512.jpg 768w\" sizes=\"auto, (max-width: 900px) 100vw, 900px\" \/><\/figure><\/div>\n\n\n\n<p><strong>Llam\u00f3 a la tranquilidad de la poblaci\u00f3n ya que no hay riesgo de un desabastecimiento<\/strong><\/p>\n\n\n\n<p>El Seremi de Agricultura de Atacama, Patricio Araya, convers\u00f3 en Maray y se refiri\u00f3 al abastecimiento de frutas y verduras y llam\u00f3 a la tranquilidad de la poblaci\u00f3n ya que el abastecimiento est\u00e1 asegurado a trav\u00e9s de productores agr\u00edcolas que contin\u00faan entregando las mercader\u00edas provenientes de la regi\u00f3n de Coquimbo y otras zonas del pa\u00eds.<\/p>\n\n\n\n<p>Sobre la temporada de exportaci\u00f3n y el trabajo de los temporeros, dijo que felizmente aquello- ya como temporada est\u00e1 culminando -y no deber\u00eda tener mayores problemas, a\u00f1adi\u00f3<\/p>\n\n\n\n<p>Finalmente hizo un llamado a la comunidad al autocuidado, al cambio de habito y desde su Ministerio est\u00e1n dando las condiciones para que no se produzca el contagio entre los productores y el comprador. Y en caso de existir un toque de queda, se realizar\u00e1n los tr\u00e1mites para que los productores contin\u00faen trabajando y llevando las frutas y verduras a todo el pa\u00eds.<\/p>\n","protected":false},"excerpt":{"rendered":"<p>Llam\u00f3 a la tranquilidad de la poblaci\u00f3n ya que no hay riesgo de un desabastecimiento El Seremi de Agricultura de Atacama, Patricio Araya, convers\u00f3 en&hellip; <\/p>\n","protected":false},"author":2,"featured_media":22188,"comment_status":"open","ping_status":"closed","sticky":false,"template":"","format":"standard","meta":{"footnotes":""},"categories":[7,37],"tags":[],"class_list":["post-22187","post","type-post","status-publish","format-standard","has-post-thumbnail","hentry","category-atacama","category-nacional"],"_links":{"self":[{"href":"https:\/\/www.radioamigavallenar.cl\/index.php?rest_route=\/wp\/v2\/posts\/22187","targetHints":{"allow":["GET"]}}],"collection":[{"href":"https:\/\/www.radioamigavallenar.cl\/index.php?rest_route=\/wp\/v2\/posts"}],"about":[{"href":"https:\/\/www.radioamigavallenar.cl\/index.php?rest_route=\/wp\/v2\/types\/post"}],"author":[{"embeddable":true,"href":"https:\/\/www.radioamigavallenar.cl\/index.php?rest_route=\/wp\/v2\/users\/2"}],"replies":[{"embeddable":true,"href":"https:\/\/www.radioamigavallenar.cl\/index.php?rest_route=%2Fwp%2Fv2%2Fcomments&post=22187"}],"version-history":[{"count":0,"href":"https:\/\/www.radioamigavallenar.cl\/index.php?rest_route=\/wp\/v2\/posts\/22187\/revisions"}],"wp:featuredmedia":[{"embeddable":true,"href":"https:\/\/www.radioamigavallenar.cl\/index.php?rest_route=\/wp\/v2\/media\/22188"}],"wp:attachment":[{"href":"https:\/\/www.radioamigavallenar.cl\/index.php?rest_route=%2Fwp%2Fv2%2Fmedia&parent=22187"}],"wp:term":[{"taxonomy":"category","embeddable":true,"href":"https:\/\/www.radioamigavallenar.cl\/index.php?rest_route=%2Fwp%2Fv2%2Fcategories&post=22187"},{"taxonomy":"post_tag","embeddable":true,"href":"https:\/\/www.radioamigavallenar.cl\/index.php?rest_route=%2Fwp%2Fv2%2Ftags&post=22187"}],"curies":[{"name":"wp","href":"https:\/\/api.w.org\/{rel}","templated":true}]}}