{"id":22174,"date":"2020-03-20T00:01:32","date_gmt":"2020-03-20T03:01:32","guid":{"rendered":"https:\/\/www.radioamigavallenar.cl\/?p=22174"},"modified":"2020-03-20T00:01:32","modified_gmt":"2020-03-20T03:01:32","slug":"los-jovenes-un-factor-fundamental-en-este-estado-de-emergencia-por-luis-morales-vergara-seremi-de-desarrollo-social-y-familia","status":"publish","type":"post","link":"https:\/\/www.radioamigavallenar.cl\/?p=22174","title":{"rendered":"Los j\u00f3venes, un factor fundamental en este estado de emergencia por : Luis Morales Vergara, seremi de desarrollo social y familia"},"content":{"rendered":"\n<div class=\"wp-block-image\"><figure class=\"aligncenter size-large\"><img loading=\"lazy\" decoding=\"async\" width=\"680\" height=\"510\" src=\"https:\/\/www.radioamigavallenar.cl\/wp-content\/uploads\/2020\/03\/PHOTO-2020-03-19-17-02-54.jpg\" alt=\"\" class=\"wp-image-22175\" srcset=\"https:\/\/www.radioamigavallenar.cl\/wp-content\/uploads\/2020\/03\/PHOTO-2020-03-19-17-02-54.jpg 680w, https:\/\/www.radioamigavallenar.cl\/wp-content\/uploads\/2020\/03\/PHOTO-2020-03-19-17-02-54-300x225.jpg 300w\" sizes=\"auto, (max-width: 680px) 100vw, 680px\" \/><\/figure><\/div>\n\n\n\n<p>Como Gobierno estamos haciendo un fuerte llamado a los j\u00f3venes, para que sean parte importante de este Estado de Emergencia que vive el pa\u00eds, a causa del COVID-19.<\/p>\n\n\n\n<p>Ustedes se preguntar\u00e1n, \u00bfPor qu\u00e9 los j\u00f3venes? En la sencillez de la pregunta nace la respuesta. Y es que, durante el \u00faltimo tiempo, los grupos juveniles han tomado una preponderancia muy importante en nuestra sociedad, siendo impulsores de opini\u00f3n y voceros de la contingencia social. Es por aquello, que necesitamos de su disposici\u00f3n para que nos ayuden a esparcir conciencia y responsabilidad ante la prevenci\u00f3n del llamado Coronavirus.<\/p>\n\n\n\n<p>El Ministerio de Desarrollo Social y Familia junto al Instituto Nacional de Juventud (INJUV), quieren incentivar a los j\u00f3venes de Atacama a poder ser embajadores de prevenci\u00f3n, tanto as\u00ed como su motivaci\u00f3n a la hora de ser voluntariado, ya que sabemos que en nuestra regi\u00f3n tenemos muy altos \u00edndices en esta materia. En nuestra cartera estamos haciendo todo lo posible para ir promulgando protocolos que nos ayuden a trabajar con adultos mayores, personas discapacitadas y personas en situaci\u00f3n de calle, pero que mejor que tener a los grupos juveniles de nuestro lado en estos momentos.<\/p>\n\n\n\n<p>Incentivar de esta manera a los j\u00f3venes nos permite llegar a diversos grupos etarios, los cuales, muchas veces, no cumplen con las medidas impartidas por el Gobierno del Presidente Sebasti\u00e1n Pi\u00f1era, que llaman a cuidarnos entre todos, mantenernos la mayor parte del tiempo en casa, tener una higiene constante, preocuparnos de los adultos mayores y personas vulnerables, y ser cuidadosos ante cualquier contagio.<\/p>\n\n\n\n<p>Hoy, 20 de marzo de 2020, existen m\u00e1s de 300 casos en nuestro pa\u00eds. Son cifras preocupantes, claramente, pero debemos mantener tranquilidad hac\u00eda esta afectaci\u00f3n que estamos viviendo, sin perder el foco de autocuidado y preocupaci\u00f3n hacia las personas que m\u00e1s atenci\u00f3n necesitan.<\/p>\n\n\n\n<p>Por \u00faltimo, seguir reforzando este llamado que estamos haciendo como Gobierno, y motivar a los j\u00f3venes que nos ayuden a cuidarnos entre todos, manteniendo una actitud preventiva y a no exponerse en lugares masivos, de manera que podamos tener una cohesi\u00f3n social y enfrentar de la mejor forma posible la actualidad del pa\u00eds.<\/p>\n","protected":false},"excerpt":{"rendered":"<p>Como Gobierno estamos haciendo un fuerte llamado a los j\u00f3venes, para que sean parte importante de este Estado de Emergencia que vive el pa\u00eds, a&hellip; <\/p>\n","protected":false},"author":2,"featured_media":22175,"comment_status":"open","ping_status":"closed","sticky":false,"template":"","format":"standard","meta":{"footnotes":""},"categories":[7],"tags":[],"class_list":["post-22174","post","type-post","status-publish","format-standard","has-post-thumbnail","hentry","category-atacama"],"_links":{"self":[{"href":"https:\/\/www.radioamigavallenar.cl\/index.php?rest_route=\/wp\/v2\/posts\/22174","targetHints":{"allow":["GET"]}}],"collection":[{"href":"https:\/\/www.radioamigavallenar.cl\/index.php?rest_route=\/wp\/v2\/posts"}],"about":[{"href":"https:\/\/www.radioamigavallenar.cl\/index.php?rest_route=\/wp\/v2\/types\/post"}],"author":[{"embeddable":true,"href":"https:\/\/www.radioamigavallenar.cl\/index.php?rest_route=\/wp\/v2\/users\/2"}],"replies":[{"embeddable":true,"href":"https:\/\/www.radioamigavallenar.cl\/index.php?rest_route=%2Fwp%2Fv2%2Fcomments&post=22174"}],"version-history":[{"count":0,"href":"https:\/\/www.radioamigavallenar.cl\/index.php?rest_route=\/wp\/v2\/posts\/22174\/revisions"}],"wp:featuredmedia":[{"embeddable":true,"href":"https:\/\/www.radioamigavallenar.cl\/index.php?rest_route=\/wp\/v2\/media\/22175"}],"wp:attachment":[{"href":"https:\/\/www.radioamigavallenar.cl\/index.php?rest_route=%2Fwp%2Fv2%2Fmedia&parent=22174"}],"wp:term":[{"taxonomy":"category","embeddable":true,"href":"https:\/\/www.radioamigavallenar.cl\/index.php?rest_route=%2Fwp%2Fv2%2Fcategories&post=22174"},{"taxonomy":"post_tag","embeddable":true,"href":"https:\/\/www.radioamigavallenar.cl\/index.php?rest_route=%2Fwp%2Fv2%2Ftags&post=22174"}],"curies":[{"name":"wp","href":"https:\/\/api.w.org\/{rel}","templated":true}]}}