{"id":22171,"date":"2020-03-20T00:00:00","date_gmt":"2020-03-20T03:00:00","guid":{"rendered":"https:\/\/www.radioamigavallenar.cl\/?p=22171"},"modified":"2020-03-20T00:00:26","modified_gmt":"2020-03-20T03:00:26","slug":"acuerdo-politico-plebiscito-se-postergara-para-el-25-de-octubre","status":"publish","type":"post","link":"https:\/\/www.radioamigavallenar.cl\/?p=22171","title":{"rendered":"Acuerdo pol\u00edtico: Plebiscito se postergar\u00e1 para el 25 de octubre"},"content":{"rendered":"\n<div class=\"wp-block-image\"><figure class=\"aligncenter size-large\"><img loading=\"lazy\" decoding=\"async\" width=\"900\" height=\"507\" src=\"https:\/\/www.radioamigavallenar.cl\/wp-content\/uploads\/2020\/03\/foto_0000002620200319155155-scaled-1.jpg\" alt=\"\" class=\"wp-image-22172\" srcset=\"https:\/\/www.radioamigavallenar.cl\/wp-content\/uploads\/2020\/03\/foto_0000002620200319155155-scaled-1.jpg 900w, https:\/\/www.radioamigavallenar.cl\/wp-content\/uploads\/2020\/03\/foto_0000002620200319155155-scaled-1-300x169.jpg 300w, https:\/\/www.radioamigavallenar.cl\/wp-content\/uploads\/2020\/03\/foto_0000002620200319155155-scaled-1-768x433.jpg 768w\" sizes=\"auto, (max-width: 900px) 100vw, 900px\" \/><\/figure><\/div>\n\n\n\n<p>Los l\u00edderes pol\u00edticos acordaron nuevas fechas para todas las elecciones que se realizar\u00edan este a\u00f1o debido a la emergencia del coronavirus.<\/p>\n\n\n\n<p>Los\u00a0partidos pol\u00edticos acordaron ante el Servicio Electoral cambiar todo el calendario de elecciones previsto para este a\u00f1o, el que comenzar\u00eda en abril con el Plebiscito.<\/p>\n\n\n\n<p>El acuerdo, que debe ser ratificado en una reforma constitucional, comprende las siguientes fechas:<\/p>\n\n\n\n<ul class=\"wp-block-list\"><li>Plebiscito:<strong>&nbsp;25 de octubre<\/strong><\/li><li>Primarias municipales:&nbsp;<strong>29 de noviembre<\/strong><\/li><li>Elecciones municipales, Gore y constituyentes:<strong>&nbsp;4 de abril de 2021<\/strong><\/li><li>Segunda vuelta Gore:&nbsp;<strong>2 de mayo de 2021<\/strong><\/li><\/ul>\n\n\n\n<p>La presidenta de Senado,\u00a0Adriana Mu\u00f1oz\u00a0(PPD), indic\u00f3 que \u00abquiero en primer lugar felicitar este acuerdo, el\u00a0esp\u00edritu de unidad que se ha instalado\u00a0en la b\u00fasqueda de una necesaria respuesta que tenemos que darle al pa\u00eds en un momento dif\u00edcil, en que lo m\u00e1s importante para nosotros es resguardar la vida y la salud de nuestros compatriotas\u00bb.<\/p>\n\n\n\n<p>\u00abFelicito de coraz\u00f3n el esfuerzo que han hecho partidos de diversos sectores pol\u00edticos para lograr este acuerdo\u00bb, insisti\u00f3.<\/p>\n\n\n\n<p>Quienes firmaron este acuerdo son&nbsp;el Partido Dem\u00f3crata Cristiano, el Partido Socialista, el Partido por la Democracia, el Partido Radical, el Partido Comunista, el Partido Regionalista Verde, Ev\u00f3poli, el PRO, Renovaci\u00f3n Nacional, UDI, Humanista, Revoluci\u00f3n Democr\u00e1tica, Convergencia Social, Comunes y el Partido Liberal, explic\u00f3 la parlamentaria.<\/p>\n\n\n\n<p><strong>\u00abCreo que hemos estado a la altura de lo que Chile hoy d\u00eda nos exige\u00bb<\/strong>, sentenci\u00f3 Mu\u00f1oz.<\/p>\n\n\n\n<p>Un punto que caus\u00f3 problemas tras la decisi\u00f3n es que\u00a0el 4 de abril de 2021 corresponde a Semana Santa, un fin de semana largo,\u00a0por lo que se eval\u00faa modificar las elecciones para el 11 de abril del pr\u00f3ximo a\u00f1o.<\/p>\n","protected":false},"excerpt":{"rendered":"<p>Los l\u00edderes pol\u00edticos acordaron nuevas fechas para todas las elecciones que se realizar\u00edan este a\u00f1o debido a la emergencia del coronavirus. Los\u00a0partidos pol\u00edticos acordaron ante&hellip; <\/p>\n","protected":false},"author":2,"featured_media":22172,"comment_status":"open","ping_status":"closed","sticky":false,"template":"","format":"standard","meta":{"footnotes":""},"categories":[37],"tags":[],"class_list":["post-22171","post","type-post","status-publish","format-standard","has-post-thumbnail","hentry","category-nacional"],"_links":{"self":[{"href":"https:\/\/www.radioamigavallenar.cl\/index.php?rest_route=\/wp\/v2\/posts\/22171","targetHints":{"allow":["GET"]}}],"collection":[{"href":"https:\/\/www.radioamigavallenar.cl\/index.php?rest_route=\/wp\/v2\/posts"}],"about":[{"href":"https:\/\/www.radioamigavallenar.cl\/index.php?rest_route=\/wp\/v2\/types\/post"}],"author":[{"embeddable":true,"href":"https:\/\/www.radioamigavallenar.cl\/index.php?rest_route=\/wp\/v2\/users\/2"}],"replies":[{"embeddable":true,"href":"https:\/\/www.radioamigavallenar.cl\/index.php?rest_route=%2Fwp%2Fv2%2Fcomments&post=22171"}],"version-history":[{"count":0,"href":"https:\/\/www.radioamigavallenar.cl\/index.php?rest_route=\/wp\/v2\/posts\/22171\/revisions"}],"wp:featuredmedia":[{"embeddable":true,"href":"https:\/\/www.radioamigavallenar.cl\/index.php?rest_route=\/wp\/v2\/media\/22172"}],"wp:attachment":[{"href":"https:\/\/www.radioamigavallenar.cl\/index.php?rest_route=%2Fwp%2Fv2%2Fmedia&parent=22171"}],"wp:term":[{"taxonomy":"category","embeddable":true,"href":"https:\/\/www.radioamigavallenar.cl\/index.php?rest_route=%2Fwp%2Fv2%2Fcategories&post=22171"},{"taxonomy":"post_tag","embeddable":true,"href":"https:\/\/www.radioamigavallenar.cl\/index.php?rest_route=%2Fwp%2Fv2%2Ftags&post=22171"}],"curies":[{"name":"wp","href":"https:\/\/api.w.org\/{rel}","templated":true}]}}