{"id":22151,"date":"2020-03-19T12:59:15","date_gmt":"2020-03-19T15:59:15","guid":{"rendered":"https:\/\/www.radioamigavallenar.cl\/?p=22151"},"modified":"2020-03-19T12:59:16","modified_gmt":"2020-03-19T15:59:16","slug":"convergencia-nacional-de-gremios-pymes-y-cooperativas-de-chile-informa","status":"publish","type":"post","link":"https:\/\/www.radioamigavallenar.cl\/?p=22151","title":{"rendered":"Convergencia nacional de gremios pymes y cooperativas de Chile Informa"},"content":{"rendered":"\n<div class=\"wp-block-image\"><figure class=\"aligncenter size-large\"><img loading=\"lazy\" decoding=\"async\" width=\"1024\" height=\"870\" src=\"https:\/\/www.radioamigavallenar.cl\/wp-content\/uploads\/2020\/03\/Logo-oficial-conupia.jpg\" alt=\"\" class=\"wp-image-22152\" srcset=\"https:\/\/www.radioamigavallenar.cl\/wp-content\/uploads\/2020\/03\/Logo-oficial-conupia.jpg 1024w, https:\/\/www.radioamigavallenar.cl\/wp-content\/uploads\/2020\/03\/Logo-oficial-conupia-300x255.jpg 300w, https:\/\/www.radioamigavallenar.cl\/wp-content\/uploads\/2020\/03\/Logo-oficial-conupia-768x653.jpg 768w\" sizes=\"auto, (max-width: 1024px) 100vw, 1024px\" \/><\/figure><\/div>\n\n\n\n<p>Las Organizaciones que conformamos la convergencia de Pymes y Cooperativas, ante los acontecimientos relativos a salud p\u00fablica que afectan a la ciudadan\u00eda en general y en particular a los trabajadores y Pymes de nuestro pa\u00eds, manifestamos nuestra preocupaci\u00f3n y solicitamos medidas que permitan mitigar los efectos de la actual crisis y, porque no tambi\u00e9n, anticiparnos a las consecuencias en toda nuestra econom\u00eda y sociedad. Para ello, el estado debe asumir una pol\u00edtica de expansi\u00f3n fiscal agresiva y asumir con responsabilidad real la ayuda a las Pymes. <\/p>\n\n\n\n<p>Para tal efecto, solicitamos al menos considerar las siguientes medidas que permitir\u00e1n al menos apoyar la sobrevivencia de un tejido empresarial deprimido e hist\u00f3ricamente golpeado: <\/p>\n\n\n\n<p>1. Suspensi\u00f3n del pago de IVA, por al menos tres meses, para pymes con ventas inferiores a UF 75.000 <\/p>\n\n\n\n<p>2. Aplazar cr\u00e9ditos a Pymes entre 6 y 18 meses, sin generar intereses ni gastos de ning\u00fan tipo, de la banca en general, ya que es necesario para la paz social y la sana convivencia que el sector bancario devuelva la mano a la ciudadan\u00eda y recuerde que un d\u00eda fueron ellos los que necesitaron ser apoyados. <\/p>\n\n\n\n<p>3. Acciones legales severas contra aquellas empresas, sus ejecutivos, accionistas y directores que han especulado salvajemente con la crisis, adem\u00e1s de repudio p\u00fablico a su acci\u00f3n y la sanci\u00f3n pecuniaria proporcional al da\u00f1o causado en la poblaci\u00f3n en general. <\/p>\n\n\n\n<p>4. Subsidio directo a las pymes y sus trabajadores para poder sostener el empleo. <\/p>\n\n\n\n<p>5. Favorecer la participaci\u00f3n de las Pymes en ChileCompra, desarrollando licitaciones cuyos vol\u00famenes puedan ser abordados por pymes individuales o por \u201cUniones temporales de Proveedores\u201d entre pymes en caso de ser necesarios. <\/p>\n\n\n\n<p>6. Fin al embargo de Cuentas Corrientes y Pymes con deudas, es injusto bloquear la generaci\u00f3n de ingresos a las empresas, al contrario, hay que asumir con responsabilidad el endeudamiento de la Mipyme y otorgar cr\u00e9ditos de largo plazo, 8 a 12 a\u00f1os, para regularizar deudas en leyes sociales e impuestos, con tasa de inter\u00e9s inferior al promedio que presta  la banca a las grandes empresas y con periodo de gracia no menos a un a\u00f1o. <\/p>\n\n\n\n<p>7. Permitir a las Pymes pactar 15 d\u00edas de inasistencia al trabajo, con cargo al estado y al fondo de seguro de cesant\u00eda en partes iguales. Medida que apunta a la prevenci\u00f3n de contagios y a la vez contribuye a la armon\u00eda entre trabajadores y empresas. <\/p>\n\n\n\n<p>8. Financiar, con cargo al estado, gastos en servicios b\u00e1sicos incurridos por las Pymes desde el mes de marzo, hasta que la situaci\u00f3n sanitaria permita la normalidad en el funcionamiento de las empresas. Si bien los problemas de la Pyme, sus demandas y solicitudes al estado no son problema s\u00f3lo del presente, sino m\u00e1s bien hist\u00f3rico, la aparici\u00f3n del COVID-19 hace necesario que el estado responsablemente atienda nuestras demandas, de acuerdo a la importancia de nuestro sector. <\/p>\n\n\n\n<p>Apoyar a la pyme no es \u201cel resguardo de liquidez de los bancos\u201d, ni \u201cfinanciamiento condicional al incremento de colocaciones\u201d, es con medidas fiscales concretas, en la cual estado se meta la mano al bolsillo y genere un impacto directo y efectivo. Nuestro compromiso es mantener activa a la Pyme de Chile y seguir contribuyendo al desarrollo productivo y social de todos nuestros compatriotas, para eso necesitamos esta vez la mano del estado  <\/p>\n","protected":false},"excerpt":{"rendered":"<p>Las Organizaciones que conformamos la convergencia de Pymes y Cooperativas, ante los acontecimientos relativos a salud p\u00fablica que afectan a la ciudadan\u00eda en general y&hellip; <\/p>\n","protected":false},"author":2,"featured_media":22152,"comment_status":"open","ping_status":"closed","sticky":false,"template":"","format":"standard","meta":{"footnotes":""},"categories":[7,37],"tags":[],"class_list":["post-22151","post","type-post","status-publish","format-standard","has-post-thumbnail","hentry","category-atacama","category-nacional"],"_links":{"self":[{"href":"https:\/\/www.radioamigavallenar.cl\/index.php?rest_route=\/wp\/v2\/posts\/22151","targetHints":{"allow":["GET"]}}],"collection":[{"href":"https:\/\/www.radioamigavallenar.cl\/index.php?rest_route=\/wp\/v2\/posts"}],"about":[{"href":"https:\/\/www.radioamigavallenar.cl\/index.php?rest_route=\/wp\/v2\/types\/post"}],"author":[{"embeddable":true,"href":"https:\/\/www.radioamigavallenar.cl\/index.php?rest_route=\/wp\/v2\/users\/2"}],"replies":[{"embeddable":true,"href":"https:\/\/www.radioamigavallenar.cl\/index.php?rest_route=%2Fwp%2Fv2%2Fcomments&post=22151"}],"version-history":[{"count":0,"href":"https:\/\/www.radioamigavallenar.cl\/index.php?rest_route=\/wp\/v2\/posts\/22151\/revisions"}],"wp:featuredmedia":[{"embeddable":true,"href":"https:\/\/www.radioamigavallenar.cl\/index.php?rest_route=\/wp\/v2\/media\/22152"}],"wp:attachment":[{"href":"https:\/\/www.radioamigavallenar.cl\/index.php?rest_route=%2Fwp%2Fv2%2Fmedia&parent=22151"}],"wp:term":[{"taxonomy":"category","embeddable":true,"href":"https:\/\/www.radioamigavallenar.cl\/index.php?rest_route=%2Fwp%2Fv2%2Fcategories&post=22151"},{"taxonomy":"post_tag","embeddable":true,"href":"https:\/\/www.radioamigavallenar.cl\/index.php?rest_route=%2Fwp%2Fv2%2Ftags&post=22151"}],"curies":[{"name":"wp","href":"https:\/\/api.w.org\/{rel}","templated":true}]}}