{"id":22146,"date":"2020-03-19T11:28:23","date_gmt":"2020-03-19T14:28:23","guid":{"rendered":"https:\/\/www.radioamigavallenar.cl\/?p=22146"},"modified":"2020-03-19T11:30:37","modified_gmt":"2020-03-19T14:30:37","slug":"notable-avance-registra-vallenar-en-proceso-de-vacunacion-anti-influenza-llegando-al-45","status":"publish","type":"post","link":"https:\/\/www.radioamigavallenar.cl\/?p=22146","title":{"rendered":"Notable avance registra Vallenar en proceso  de vacunaci\u00f3n anti-influenza, llegando al 45%"},"content":{"rendered":"\n<figure class=\"wp-block-gallery columns-2 is-cropped wp-block-gallery-1 is-layout-flex wp-block-gallery-is-layout-flex\"><ul class=\"blocks-gallery-grid\"><li class=\"blocks-gallery-item\"><figure><img loading=\"lazy\" decoding=\"async\" width=\"1024\" height=\"768\" src=\"https:\/\/www.radioamigavallenar.cl\/wp-content\/uploads\/2020\/03\/IMG_20200316_120104874-1024x768.jpg\" alt=\"\" data-id=\"22147\" data-full-url=\"https:\/\/www.radioamigavallenar.cl\/wp-content\/uploads\/2020\/03\/IMG_20200316_120104874-scaled.jpg\" data-link=\"https:\/\/www.radioamigavallenar.cl\/?attachment_id=22147\" class=\"wp-image-22147\" srcset=\"https:\/\/www.radioamigavallenar.cl\/wp-content\/uploads\/2020\/03\/IMG_20200316_120104874-1024x768.jpg 1024w, https:\/\/www.radioamigavallenar.cl\/wp-content\/uploads\/2020\/03\/IMG_20200316_120104874-300x225.jpg 300w, https:\/\/www.radioamigavallenar.cl\/wp-content\/uploads\/2020\/03\/IMG_20200316_120104874-768x576.jpg 768w, https:\/\/www.radioamigavallenar.cl\/wp-content\/uploads\/2020\/03\/IMG_20200316_120104874-1536x1152.jpg 1536w, https:\/\/www.radioamigavallenar.cl\/wp-content\/uploads\/2020\/03\/IMG_20200316_120104874-2048x1536.jpg 2048w\" sizes=\"auto, (max-width: 1024px) 100vw, 1024px\" \/><\/figure><\/li><li class=\"blocks-gallery-item\"><figure><img loading=\"lazy\" decoding=\"async\" width=\"1024\" height=\"768\" src=\"https:\/\/www.radioamigavallenar.cl\/wp-content\/uploads\/2020\/03\/IMG_20200316_120223598-1024x768.jpg\" alt=\"\" data-id=\"22148\" data-full-url=\"https:\/\/www.radioamigavallenar.cl\/wp-content\/uploads\/2020\/03\/IMG_20200316_120223598-scaled.jpg\" data-link=\"https:\/\/www.radioamigavallenar.cl\/?attachment_id=22148\" class=\"wp-image-22148\" srcset=\"https:\/\/www.radioamigavallenar.cl\/wp-content\/uploads\/2020\/03\/IMG_20200316_120223598-1024x768.jpg 1024w, https:\/\/www.radioamigavallenar.cl\/wp-content\/uploads\/2020\/03\/IMG_20200316_120223598-300x225.jpg 300w, https:\/\/www.radioamigavallenar.cl\/wp-content\/uploads\/2020\/03\/IMG_20200316_120223598-768x576.jpg 768w, https:\/\/www.radioamigavallenar.cl\/wp-content\/uploads\/2020\/03\/IMG_20200316_120223598-1536x1152.jpg 1536w, https:\/\/www.radioamigavallenar.cl\/wp-content\/uploads\/2020\/03\/IMG_20200316_120223598-2048x1536.jpg 2048w\" sizes=\"auto, (max-width: 1024px) 100vw, 1024px\" \/><\/figure><\/li><\/ul><\/figure>\n\n\n\n<p>Su satisfacci\u00f3n mostr\u00f3 el alcalde Cristian Tapia Ramos, por el positivo nivel de vacunaci\u00f3n anti influenza que registra este proceso en la comuna de Vallenar, alcanzando al d\u00eda de hoy un cuarenta y cinco por ciento de la meta, lo que equivale a 9.500 personas vacunadas pertenecientes al grupo prioritario.<\/p>\n\n\n\n<p>&nbsp;As\u00ed tambi\u00e9n\nlo reconoci\u00f3 la directora del Departamento de Salud Municipal, Patricia Salinas\nGuti\u00e9rrez, quien a\u00f1adi\u00f3 que la meta de vacunaci\u00f3n alcanza las 21 mil personas\npertenecientes a los grupos prioritarios.\u201cTen\u00edamos dos meses para cumplir este\nobjetivo y, sin embargo, al d\u00eda de hoy ya tenemos un 45 por ciento de\ncumplimiento de la meta; por lo tanto, al 31 de marzo pretendemos llegar al 90\npor ciento de la poblaci\u00f3n a vacunar, cifra que nos pide el Ministerio como\nmeta local. La gran diferencia de este a\u00f1o con procesos anteriores, es que la\nmisma poblaci\u00f3n es la interesada en vacunarse, en cambio, en \u00e9pocas anteriores,\nten\u00edamos que andar nosotros busc\u00e1ndolos\u201d, agreg\u00f3.<strong><\/strong><\/p>\n\n\n\n<p>Sin embargo, admiti\u00f3 que la celeridad en la\nvacunaci\u00f3n de los adultos mayores de 80 a\u00f1os no ha sido la esperada, pero, al\nmismo tiempo, envi\u00f3 su mensaje de tranquilidad a este grupo et\u00e1reo. \u201cLos llamo\na que est\u00e9n tranquilos, porque nosotros vamos a ir a vacunarlos a sus propios\nhogares, para lo cual vamos a instalar puestos de vacunaci\u00f3n comunitarios en\nsedes de juntas de vecinos o de agrupaciones de adultos mayorescercanos a sus\nhogares. Por lo tanto, les pedimos que no vayan a los Cesfam, porque nosotros\nnos vamos a acercar a ellos\u201d.<\/p>\n\n\n\n<p>Al ser consultada si a\u00fan existen remesas de\nvacunas en los Cesfam, la directora Salinas respondi\u00f3: \u201cSolo nos quedan algunas\npocas para grupos seleccionados que vamos a vacunar este d\u00eda, pero hoy nos\nllega una nueva remesa desde el nivel regional que nos va a permitir vacunar\nma\u00f1ana con plena normalidad, mientras que este fin de semana nos llega la\nremesa para vacunar la pr\u00f3xima semana\u201d.<\/p>\n\n\n\n<p>En el caso de aquellas personas que est\u00e1n en\nedades intermedias respecto de las que son consideradas prioritarias, pero que\npor voluntad propia desean vacunarse, record\u00f3 que \u201csolo se pueden vacunar si\ntienen patolog\u00edas cr\u00f3nicas, ya que no hay abastecimiento para esas personas y\nsolo tendr\u00eda que ser al final, cuando ya tengamos cumplida la meta con nuestra\npoblaci\u00f3n objetivo y ver si, eventualmente, podr\u00eda existir alguna posibilidad\nde vacunarlas a ellas\u201d.<\/p>\n\n\n\n<p>En la ocasi\u00f3n, la profesional aprovech\u00f3 de\ndestacar el comprometido rol del personal a su cargo: \u201cEstamos muy contentos,\nporque si bien ha sido un trabajo muy arduo, hemos logrado coberturas muy\nimportantes y para esta tarea tenemos el equipo completo involucrado: t\u00e9cnicos,\nauxiliares, administrativos y profesionales, todos hemos dejado de lado\nnuestras labores habituales para abocarnos a esto, porque nuestra meta es tener\ncumplida la campa\u00f1a de vacunaci\u00f3n al 31 de marzo y es la instrucci\u00f3n que\ntambi\u00e9n tenemos de nuestro alcalde\u201d, concluy\u00f3.<\/p>\n","protected":false},"excerpt":{"rendered":"<p>Su satisfacci\u00f3n mostr\u00f3 el alcalde Cristian Tapia Ramos, por el positivo nivel de vacunaci\u00f3n anti influenza que registra este proceso en la comuna de Vallenar,&hellip; <\/p>\n","protected":false},"author":2,"featured_media":22147,"comment_status":"open","ping_status":"closed","sticky":false,"template":"","format":"standard","meta":{"footnotes":""},"categories":[1,2],"tags":[],"class_list":["post-22146","post","type-post","status-publish","format-standard","has-post-thumbnail","hentry","category-provincia-del-huasco-2","category-vallenar"],"_links":{"self":[{"href":"https:\/\/www.radioamigavallenar.cl\/index.php?rest_route=\/wp\/v2\/posts\/22146","targetHints":{"allow":["GET"]}}],"collection":[{"href":"https:\/\/www.radioamigavallenar.cl\/index.php?rest_route=\/wp\/v2\/posts"}],"about":[{"href":"https:\/\/www.radioamigavallenar.cl\/index.php?rest_route=\/wp\/v2\/types\/post"}],"author":[{"embeddable":true,"href":"https:\/\/www.radioamigavallenar.cl\/index.php?rest_route=\/wp\/v2\/users\/2"}],"replies":[{"embeddable":true,"href":"https:\/\/www.radioamigavallenar.cl\/index.php?rest_route=%2Fwp%2Fv2%2Fcomments&post=22146"}],"version-history":[{"count":0,"href":"https:\/\/www.radioamigavallenar.cl\/index.php?rest_route=\/wp\/v2\/posts\/22146\/revisions"}],"wp:featuredmedia":[{"embeddable":true,"href":"https:\/\/www.radioamigavallenar.cl\/index.php?rest_route=\/wp\/v2\/media\/22147"}],"wp:attachment":[{"href":"https:\/\/www.radioamigavallenar.cl\/index.php?rest_route=%2Fwp%2Fv2%2Fmedia&parent=22146"}],"wp:term":[{"taxonomy":"category","embeddable":true,"href":"https:\/\/www.radioamigavallenar.cl\/index.php?rest_route=%2Fwp%2Fv2%2Fcategories&post=22146"},{"taxonomy":"post_tag","embeddable":true,"href":"https:\/\/www.radioamigavallenar.cl\/index.php?rest_route=%2Fwp%2Fv2%2Ftags&post=22146"}],"curies":[{"name":"wp","href":"https:\/\/api.w.org\/{rel}","templated":true}]}}