{"id":22136,"date":"2020-03-19T09:04:57","date_gmt":"2020-03-19T12:04:57","guid":{"rendered":"https:\/\/www.radioamigavallenar.cl\/?p=22136"},"modified":"2020-03-19T09:38:15","modified_gmt":"2020-03-19T12:38:15","slug":"camara-aprobo-proyecto-que-prohibe-alzas-en-medicamentos-y-alimentos-durante-alerta-sanitaria","status":"publish","type":"post","link":"https:\/\/www.radioamigavallenar.cl\/?p=22136","title":{"rendered":"C\u00e1mara aprob\u00f3 proyecto que proh\u00edbe alzas en medicamentos y alimentos durante alerta sanitaria"},"content":{"rendered":"\n<div class=\"wp-block-image\"><figure class=\"aligncenter size-large\"><img loading=\"lazy\" decoding=\"async\" width=\"900\" height=\"507\" src=\"https:\/\/www.radioamigavallenar.cl\/wp-content\/uploads\/2020\/03\/foto_0000001120200318175914-scaled-1.jpg\" alt=\"\" class=\"wp-image-22137\" srcset=\"https:\/\/www.radioamigavallenar.cl\/wp-content\/uploads\/2020\/03\/foto_0000001120200318175914-scaled-1.jpg 900w, https:\/\/www.radioamigavallenar.cl\/wp-content\/uploads\/2020\/03\/foto_0000001120200318175914-scaled-1-300x169.jpg 300w, https:\/\/www.radioamigavallenar.cl\/wp-content\/uploads\/2020\/03\/foto_0000001120200318175914-scaled-1-768x433.jpg 768w\" sizes=\"auto, (max-width: 900px) 100vw, 900px\" \/><\/figure><\/div>\n\n\n\n<p>La iniciativa busca multar a los comercios que incurran en este tipo de pr\u00e1cticas<\/p>\n\n\n\n<p>La C\u00e1mara de Diputadas y Diputados aprob\u00f3 este mi\u00e9rcoles un\u00a0proyecto que proh\u00edbe aumentar los precios de medicamentos y productos alimenticios en caso de alerta sanitaria, epidemia o pandemia.<\/p>\n\n\n\n<p>La iniciativa se\u00f1ala que \u00aben el caso de una epidemia o pandemia y cuando la autoridad sanitaria respectiva haya declarado alerta sanitaria,<strong>\u00a0<\/strong>no se podr\u00e1 aumentar los precios de los productos farmac\u00e9uticos, productos alimenticios ni tampoco de los dispositivos de uso m\u00e9dico\u00a0que sirvan para la prevenci\u00f3n y el tratamiento de la o las enfermedades relacionadas\u00bb.<\/p>\n\n\n\n<p>En este mismo sentido<strong>\u00a0<\/strong>no se podr\u00e1 aumentar los precios de los productos \u00abque sirvan para prevenir de forma directa o indirecta la alerta sanitaria o pandemia, ni de los productos que cumplan funciones de higiene personal, domiciliaria o ambiental\u00bb.<\/p>\n\n\n\n<p>Estas\u00a0medidas ser\u00e1n aplicables a los \u00ablaboratorios, farmacias, almacenes farmac\u00e9uticos\u00a0y dem\u00e1s establecimientos que vendan o comercialicen estos productos\u00bb, quienes ser\u00e1n sancionados con\u00a0multas que van desde los 50 a mil UTM (dos millones a 50 millones de pesos).<\/p>\n\n\n\n<p>Si esta situaci\u00f3n ocurriera tras una declaraci\u00f3n de estado de sitio, asamblea o emergencia, o una vez que ya se haya producido el incidente que lleve a esta situaci\u00f3n, se sancionar\u00e1 con el doble de las multas ya indicadas.<\/p>\n\n\n\n<p>El proyecto\u00a0pasar\u00e1 ahora a la Sala del Senado, donde ser\u00e1 debatido en las pr\u00f3ximas jornadas.<\/p>\n","protected":false},"excerpt":{"rendered":"<p>La iniciativa busca multar a los comercios que incurran en este tipo de pr\u00e1cticas La C\u00e1mara de Diputadas y Diputados aprob\u00f3 este mi\u00e9rcoles un\u00a0proyecto que&hellip; <\/p>\n","protected":false},"author":2,"featured_media":22137,"comment_status":"open","ping_status":"closed","sticky":false,"template":"","format":"standard","meta":{"footnotes":""},"categories":[37],"tags":[],"class_list":["post-22136","post","type-post","status-publish","format-standard","has-post-thumbnail","hentry","category-nacional"],"_links":{"self":[{"href":"https:\/\/www.radioamigavallenar.cl\/index.php?rest_route=\/wp\/v2\/posts\/22136","targetHints":{"allow":["GET"]}}],"collection":[{"href":"https:\/\/www.radioamigavallenar.cl\/index.php?rest_route=\/wp\/v2\/posts"}],"about":[{"href":"https:\/\/www.radioamigavallenar.cl\/index.php?rest_route=\/wp\/v2\/types\/post"}],"author":[{"embeddable":true,"href":"https:\/\/www.radioamigavallenar.cl\/index.php?rest_route=\/wp\/v2\/users\/2"}],"replies":[{"embeddable":true,"href":"https:\/\/www.radioamigavallenar.cl\/index.php?rest_route=%2Fwp%2Fv2%2Fcomments&post=22136"}],"version-history":[{"count":0,"href":"https:\/\/www.radioamigavallenar.cl\/index.php?rest_route=\/wp\/v2\/posts\/22136\/revisions"}],"wp:featuredmedia":[{"embeddable":true,"href":"https:\/\/www.radioamigavallenar.cl\/index.php?rest_route=\/wp\/v2\/media\/22137"}],"wp:attachment":[{"href":"https:\/\/www.radioamigavallenar.cl\/index.php?rest_route=%2Fwp%2Fv2%2Fmedia&parent=22136"}],"wp:term":[{"taxonomy":"category","embeddable":true,"href":"https:\/\/www.radioamigavallenar.cl\/index.php?rest_route=%2Fwp%2Fv2%2Fcategories&post=22136"},{"taxonomy":"post_tag","embeddable":true,"href":"https:\/\/www.radioamigavallenar.cl\/index.php?rest_route=%2Fwp%2Fv2%2Ftags&post=22136"}],"curies":[{"name":"wp","href":"https:\/\/api.w.org\/{rel}","templated":true}]}}