{"id":22125,"date":"2020-03-19T12:01:00","date_gmt":"2020-03-19T15:01:00","guid":{"rendered":"https:\/\/www.radioamigavallenar.cl\/?p=22125"},"modified":"2020-03-18T22:40:43","modified_gmt":"2020-03-19T01:40:43","slug":"cinco-consejos-para-explicar-el-coronavirus-a-un-nino","status":"publish","type":"post","link":"https:\/\/www.radioamigavallenar.cl\/?p=22125","title":{"rendered":"Cinco consejos para explicar el Coronavirus a un ni\u00f1o"},"content":{"rendered":"\n<div class=\"wp-block-image\"><figure class=\"aligncenter size-large\"><img loading=\"lazy\" decoding=\"async\" width=\"1000\" height=\"670\" src=\"https:\/\/www.radioamigavallenar.cl\/wp-content\/uploads\/2020\/03\/integra.jpg\" alt=\"\" class=\"wp-image-22126\" srcset=\"https:\/\/www.radioamigavallenar.cl\/wp-content\/uploads\/2020\/03\/integra.jpg 1000w, https:\/\/www.radioamigavallenar.cl\/wp-content\/uploads\/2020\/03\/integra-300x201.jpg 300w, https:\/\/www.radioamigavallenar.cl\/wp-content\/uploads\/2020\/03\/integra-768x515.jpg 768w\" sizes=\"auto, (max-width: 1000px) 100vw, 1000px\" \/><\/figure><\/div>\n\n\n\n<p>A m\u00e1s de tres meses del brote del COVID-19 en la lejana ciudad china de Wuhan, ya son 238 los casos de chilenos en diferentes zonas del pa\u00eds que han sido contagiados. El hecho accion\u00f3 al Ministerio de Salud con una campa\u00f1a masiva de prevenci\u00f3n en los centros de salud y en los medios de prensa para orientar a las familias sobre los s\u00edntomas y el tratamiento del coronavirus, ya definido como una pandemia por la Organizaci\u00f3n Mundial de la Salud (OMS).<\/p>\n\n\n\n<p class=\"has-text-align-center\"><strong>A ra\u00edz de aquello, el departamento de atenci\u00f3n psicol\u00f3gica gratuita Fonoinfancia (800 200 818), de la Fundaci\u00f3n Integra, elabor\u00f3 cinco sencillas orientaciones para que los padres puedan explicar a sus hijos de mejor manera las consecuencias de la enfermedad:<\/strong><\/p>\n\n\n\n<ol class=\"wp-block-list\"><li>Considere y recurra a los recursos ya instalados en las familias para abordar tem\u00e1ticas similares. Es necesario reconocer que los adultos constantemente estamos poniendo en palabras, emociones y situaciones que son necesarias de traducir a los ni\u00f1os.<\/li><li>Es relevante que el adulto a cargo cuente con la informaci\u00f3n necesaria y pertinente (fuente fidedigna) para trasmitir los contenidos.<\/li><li>Considere el estado de \u00e1nimo y la edad del ni\u00f1o (etapa de desarrollo) para adecuar la manera en que se hablar\u00e1 de este tema.<\/li><li>Resguarde que la conversaci\u00f3n ocurra en un momento en el que el ni\u00f1o est\u00e9 en condiciones de atender y\/o escuchar al adulto y proveer un ambiente tranquilo.<\/li><li>Ofrezca explicaciones en un lenguaje sencillo y claro, por ejemplo, sobre los s\u00edntomas y formas de prevenir el contagio o la relevancia de lavarse reiteradamente las manos. En la medida que el\/la ni\u00f1o\/a vaya preguntando m\u00e1s informaci\u00f3n, el adulto puede ir regulando el tipo y cantidad de informaci\u00f3n a entregar.<\/li><\/ol>\n\n\n\n<p class=\"has-text-align-center\"><strong>Adem\u00e1s de estas orientaciones, el Departamento de Nutrici\u00f3n y Salud de la Fundaci\u00f3n Integra hizo un llamado a las familias a informarse sobre los procedimientos b\u00e1sicos para resguardar a sus hijos:<\/strong><\/p>\n\n\n\n<ol class=\"wp-block-list\"><li>L\u00e1vese frecuentemente las manos con un desinfectante a base de alcohol o jab\u00f3n.<\/li><li>Al toser o estornudar, c\u00fabrase la boca y la nariz con el codo flexionado o con un pa\u00f1uelo.<\/li><li>Mantenga al menos 1 metro (3 pies) de distancia entre usted y las dem\u00e1s personas.<\/li><li>Evite tocarse los ojos, la nariz y la boca, puesto que, si se toca con las manos contaminadas puede transferir el virus de la superficie a s\u00ed mismo.<\/li><li>Si tiene fiebre, tos y dificultad para respirar, solicite atenci\u00f3n m\u00e9dica a tiempo.<\/li><li>Mant\u00e9ngase informado y siga las recomendaciones del Ministerio de Salud.<\/li><\/ol>\n\n\n\n<p>Integra pertenece a la Red de Fundaciones de la Presidencia de la Rep\u00fablica. Con 29 a\u00f1os de experiencia, es la red m\u00e1s grande de salas cuna y jardines infantiles del pa\u00eds con m\u00e1s de 1.200 establecimientos gratuitos, a los que asisten m\u00e1s de 92 mil ni\u00f1os y ni\u00f1as en todo Chile.<\/p>\n","protected":false},"excerpt":{"rendered":"<p>A m\u00e1s de tres meses del brote del COVID-19 en la lejana ciudad china de Wuhan, ya son 238 los casos de chilenos en diferentes&hellip; <\/p>\n","protected":false},"author":2,"featured_media":22126,"comment_status":"open","ping_status":"closed","sticky":false,"template":"","format":"standard","meta":{"footnotes":""},"categories":[7,37],"tags":[],"class_list":["post-22125","post","type-post","status-publish","format-standard","has-post-thumbnail","hentry","category-atacama","category-nacional"],"_links":{"self":[{"href":"https:\/\/www.radioamigavallenar.cl\/index.php?rest_route=\/wp\/v2\/posts\/22125","targetHints":{"allow":["GET"]}}],"collection":[{"href":"https:\/\/www.radioamigavallenar.cl\/index.php?rest_route=\/wp\/v2\/posts"}],"about":[{"href":"https:\/\/www.radioamigavallenar.cl\/index.php?rest_route=\/wp\/v2\/types\/post"}],"author":[{"embeddable":true,"href":"https:\/\/www.radioamigavallenar.cl\/index.php?rest_route=\/wp\/v2\/users\/2"}],"replies":[{"embeddable":true,"href":"https:\/\/www.radioamigavallenar.cl\/index.php?rest_route=%2Fwp%2Fv2%2Fcomments&post=22125"}],"version-history":[{"count":0,"href":"https:\/\/www.radioamigavallenar.cl\/index.php?rest_route=\/wp\/v2\/posts\/22125\/revisions"}],"wp:featuredmedia":[{"embeddable":true,"href":"https:\/\/www.radioamigavallenar.cl\/index.php?rest_route=\/wp\/v2\/media\/22126"}],"wp:attachment":[{"href":"https:\/\/www.radioamigavallenar.cl\/index.php?rest_route=%2Fwp%2Fv2%2Fmedia&parent=22125"}],"wp:term":[{"taxonomy":"category","embeddable":true,"href":"https:\/\/www.radioamigavallenar.cl\/index.php?rest_route=%2Fwp%2Fv2%2Fcategories&post=22125"},{"taxonomy":"post_tag","embeddable":true,"href":"https:\/\/www.radioamigavallenar.cl\/index.php?rest_route=%2Fwp%2Fv2%2Ftags&post=22125"}],"curies":[{"name":"wp","href":"https:\/\/api.w.org\/{rel}","templated":true}]}}