{"id":22113,"date":"2020-03-19T00:00:00","date_gmt":"2020-03-19T03:00:00","guid":{"rendered":"https:\/\/www.radioamigavallenar.cl\/?p=22113"},"modified":"2020-03-18T22:11:41","modified_gmt":"2020-03-19T01:11:41","slug":"ministro-prokurica-por-caida-en-precio-del-cobre-es-una-situacion-compleja-pero-estacional","status":"publish","type":"post","link":"https:\/\/www.radioamigavallenar.cl\/?p=22113","title":{"rendered":"Ministro Prokurica por ca\u00edda en precio del cobre: \u201cEs una situaci\u00f3n compleja, pero estacional\u201d"},"content":{"rendered":"\n<div class=\"wp-block-image\"><figure class=\"aligncenter size-large\"><img loading=\"lazy\" decoding=\"async\" width=\"1024\" height=\"683\" src=\"https:\/\/www.radioamigavallenar.cl\/wp-content\/uploads\/2020\/03\/Cobre-1024x683-1.jpg\" alt=\"\" class=\"wp-image-22114\" srcset=\"https:\/\/www.radioamigavallenar.cl\/wp-content\/uploads\/2020\/03\/Cobre-1024x683-1.jpg 1024w, https:\/\/www.radioamigavallenar.cl\/wp-content\/uploads\/2020\/03\/Cobre-1024x683-1-300x200.jpg 300w, https:\/\/www.radioamigavallenar.cl\/wp-content\/uploads\/2020\/03\/Cobre-1024x683-1-768x512.jpg 768w\" sizes=\"auto, (max-width: 1024px) 100vw, 1024px\" \/><\/figure><\/div>\n\n\n\n<ul class=\"wp-block-list\"><li><em><strong>El secretario de Estado se\u00f1al\u00f3 que en los pr\u00f3ximos d\u00edas se anunciar\u00e1 un paquete de medidas especiales para los peque\u00f1os mineros, que son los m\u00e1s afectados con las variaciones del metal rojo.<\/strong><\/em><\/li><\/ul>\n\n\n\n<p>Luego que el precio del cobre se ubicara en US$2,20 la libra, su nivel m\u00e1s bajo desde el 31 de octubre de 2016, el ministro de Miner\u00eda, Baldo Prokurica, sostuvo que es una situaci\u00f3n compleja, pero que se explica por la amenaza que genera el Coronavirus en el mundo y el efecto econ\u00f3mico que ha tenido en China.<\/p>\n\n\n\n<p>\u201cLa situaci\u00f3n que est\u00e1 viviendo el mundo entero y, especialmente, en el caso de Chile, ha afectado el precio de la libra de cobre que se trans\u00f3 en US$ 2,20. Este es un duro golpe para la miner\u00eda chilena y, especialmente, para las arcas fiscales, porque por cada centavo de d\u00f3lar que baja el metal, el Estado de Chile deja de percibir US$ 60 millones\u201d, se\u00f1al\u00f3 el secretario de Estado.<\/p>\n\n\n\n<p>Prokurica a\u00f1adi\u00f3 que \u201cesta es una situaci\u00f3n compleja, dif\u00edcil, pero estacional, porque la principal raz\u00f3n que tiene esta baja de la cotizaci\u00f3n de precio del cobre obedece directamente a la propagaci\u00f3n del Coronavirus y al impacto que ha tenido en la econom\u00eda China, que es el principal consumidor de cobre\u201d.<\/p>\n\n\n\n<p>El ministro de Miner\u00eda explic\u00f3 que, gracias a la implementaci\u00f3n del fondo de Estabilizaci\u00f3n de Precio de Cobre, la Empresa Nacional de Miner\u00eda est\u00e1 pagando US$ 2,85 la libra de cobre a los peque\u00f1os mineros. A\u00f1adi\u00f3 adem\u00e1s que, \u201cconsiderando el contexto que se est\u00e1 viviendo, Enami anunciar\u00e1 un paquete de medidas especiales en el sentido de adelantar recursos, reemplazar los padrones de forma autom\u00e1tica, entre otras medidas, que ayudar\u00e1n a este sector que es el que tiene menos espalda para poder soportar la baja de los precios\u201d.<\/p>\n\n\n\n<p class=\"has-text-align-center\"><strong>Suspensi\u00f3n construcci\u00f3n Quebrada Blanca 2<\/strong><\/p>\n\n\n\n<p>Respecto a la decisi\u00f3n de la empresa Teck Resources Limited que anunci\u00f3 la suspensi\u00f3n temporal de las actividades de construcci\u00f3n del proyecto Quebrada Blanca Fase 2 (QB2) como medida preventiva ante la propagaci\u00f3n de Coronavirus en la Regi\u00f3n de Tarapac\u00e1, el ministro Prokurica dijo que \u201ces una medida que va en la l\u00ednea correcta, y que se ir\u00e1 monitoreando de acuerdo a la evoluci\u00f3n que tenga la epidemia\u201d.<\/p>\n","protected":false},"excerpt":{"rendered":"<p>El secretario de Estado se\u00f1al\u00f3 que en los pr\u00f3ximos d\u00edas se anunciar\u00e1 un paquete de medidas especiales para los peque\u00f1os mineros, que son los m\u00e1s&hellip; <\/p>\n","protected":false},"author":2,"featured_media":22114,"comment_status":"open","ping_status":"closed","sticky":false,"template":"","format":"standard","meta":{"footnotes":""},"categories":[34,37],"tags":[],"class_list":["post-22113","post","type-post","status-publish","format-standard","has-post-thumbnail","hentry","category-mineria","category-nacional"],"_links":{"self":[{"href":"https:\/\/www.radioamigavallenar.cl\/index.php?rest_route=\/wp\/v2\/posts\/22113","targetHints":{"allow":["GET"]}}],"collection":[{"href":"https:\/\/www.radioamigavallenar.cl\/index.php?rest_route=\/wp\/v2\/posts"}],"about":[{"href":"https:\/\/www.radioamigavallenar.cl\/index.php?rest_route=\/wp\/v2\/types\/post"}],"author":[{"embeddable":true,"href":"https:\/\/www.radioamigavallenar.cl\/index.php?rest_route=\/wp\/v2\/users\/2"}],"replies":[{"embeddable":true,"href":"https:\/\/www.radioamigavallenar.cl\/index.php?rest_route=%2Fwp%2Fv2%2Fcomments&post=22113"}],"version-history":[{"count":0,"href":"https:\/\/www.radioamigavallenar.cl\/index.php?rest_route=\/wp\/v2\/posts\/22113\/revisions"}],"wp:featuredmedia":[{"embeddable":true,"href":"https:\/\/www.radioamigavallenar.cl\/index.php?rest_route=\/wp\/v2\/media\/22114"}],"wp:attachment":[{"href":"https:\/\/www.radioamigavallenar.cl\/index.php?rest_route=%2Fwp%2Fv2%2Fmedia&parent=22113"}],"wp:term":[{"taxonomy":"category","embeddable":true,"href":"https:\/\/www.radioamigavallenar.cl\/index.php?rest_route=%2Fwp%2Fv2%2Fcategories&post=22113"},{"taxonomy":"post_tag","embeddable":true,"href":"https:\/\/www.radioamigavallenar.cl\/index.php?rest_route=%2Fwp%2Fv2%2Ftags&post=22113"}],"curies":[{"name":"wp","href":"https:\/\/api.w.org\/{rel}","templated":true}]}}