{"id":22101,"date":"2020-03-19T00:00:00","date_gmt":"2020-03-19T03:00:00","guid":{"rendered":"https:\/\/www.radioamigavallenar.cl\/?p=22101"},"modified":"2020-03-18T21:59:06","modified_gmt":"2020-03-19T00:59:06","slug":"minvu-posterga-un-mes-el-inicio-de-postulacion-al-subsidio-para-la-clase-media","status":"publish","type":"post","link":"https:\/\/www.radioamigavallenar.cl\/?p=22101","title":{"rendered":"Minvu posterga un mes el inicio de postulaci\u00f3n al Subsidio para la Clase Media"},"content":{"rendered":"\n<div class=\"wp-block-image\"><figure class=\"aligncenter size-large\"><img loading=\"lazy\" decoding=\"async\" width=\"610\" height=\"330\" src=\"https:\/\/www.radioamigavallenar.cl\/wp-content\/uploads\/2020\/03\/VIVIENDAS.jpg\" alt=\"\" class=\"wp-image-22102\" srcset=\"https:\/\/www.radioamigavallenar.cl\/wp-content\/uploads\/2020\/03\/VIVIENDAS.jpg 610w, https:\/\/www.radioamigavallenar.cl\/wp-content\/uploads\/2020\/03\/VIVIENDAS-300x162.jpg 300w\" sizes=\"auto, (max-width: 610px) 100vw, 610px\" \/><\/figure><\/div>\n\n\n\n<p><strong>Ministro Cristi\u00e1n Monckeberg precis\u00f3 que frente a la emergencia que vive el pa\u00eds por el COVID-19, se determin\u00f3 aplazar el proceso de postulaci\u00f3n al DS1. Con ello tambi\u00e9n se extiende el plazo para que las familias acrediten el ahorro m\u00ednimo seg\u00fan el tramo.<\/strong><\/p>\n\n\n\n<p>Producto de la emergencia que vive el pa\u00eds por los casos de COVID-19 y el plan de contingencia que lleva adelante el Gobierno, es que el ministro de Vivienda y Urbanismo, Cristi\u00e1n Monckeberg, anunci\u00f3 la postergaci\u00f3n del proceso de postulaci\u00f3n al Subsidio para la Clase Media, que deb\u00eda comenzar en abril.<\/p>\n\n\n\n<p>El titular del Minvu afirm\u00f3 que qued\u00f3 establecido que el nuevo periodo de postulaci\u00f3n ser\u00e1 desde el 15 al 29 de mayo, cuyo ahorro m\u00ednimo deber\u00e1 ser acreditado al 30 de abril como nueva fecha l\u00edmite.<\/p>\n\n\n\n<p>\u201cTal como lo dijimos ayer, el primer llamado es a estar tranquilos, porque nadie se quedar\u00e1 sin la posibilidad de postular a un programa habitacional. Entendemos la complejidad de la situaci\u00f3n que vivimos como pa\u00eds y, por lo mismo, lo primero es resguardar el cuidado de las familias\u201d, indic\u00f3 el ministro Monckeberg.<\/p>\n\n\n\n<p>Adem\u00e1s, la autoridad destac\u00f3 que al postergar por un mes el subsidio, las familias tendr\u00e1n m\u00e1s plazo para acreditar el ahorro m\u00ednimo que pide el programa de acuerdo a los tramos de postulaci\u00f3n. \u201cLa ampliaci\u00f3n de los plazos busca facilitar la postulaci\u00f3n de las familias. Invitamos a informarse a trav\u00e9s de nuestros canales oficiales, nuestra web www.minvu.cl o la central telef\u00f3nica\u201d, indic\u00f3. Para llamar desde un tel\u00e9fono fijo se debe marcar el 600 901 1111 y desde celulares al 229011111.<\/p>\n\n\n\n<p>Asimismo, el secretario de Estado explic\u00f3 que esta nueva fecha est\u00e1 sujeta a constante evaluaci\u00f3n de acuerdo a la contingencia producto del Coronavirus.<\/p>\n","protected":false},"excerpt":{"rendered":"<p>Ministro Cristi\u00e1n Monckeberg precis\u00f3 que frente a la emergencia que vive el pa\u00eds por el COVID-19, se determin\u00f3 aplazar el proceso de postulaci\u00f3n al DS1.&hellip; <\/p>\n","protected":false},"author":2,"featured_media":22102,"comment_status":"open","ping_status":"closed","sticky":false,"template":"","format":"standard","meta":{"footnotes":""},"categories":[7],"tags":[],"class_list":["post-22101","post","type-post","status-publish","format-standard","has-post-thumbnail","hentry","category-atacama"],"_links":{"self":[{"href":"https:\/\/www.radioamigavallenar.cl\/index.php?rest_route=\/wp\/v2\/posts\/22101","targetHints":{"allow":["GET"]}}],"collection":[{"href":"https:\/\/www.radioamigavallenar.cl\/index.php?rest_route=\/wp\/v2\/posts"}],"about":[{"href":"https:\/\/www.radioamigavallenar.cl\/index.php?rest_route=\/wp\/v2\/types\/post"}],"author":[{"embeddable":true,"href":"https:\/\/www.radioamigavallenar.cl\/index.php?rest_route=\/wp\/v2\/users\/2"}],"replies":[{"embeddable":true,"href":"https:\/\/www.radioamigavallenar.cl\/index.php?rest_route=%2Fwp%2Fv2%2Fcomments&post=22101"}],"version-history":[{"count":0,"href":"https:\/\/www.radioamigavallenar.cl\/index.php?rest_route=\/wp\/v2\/posts\/22101\/revisions"}],"wp:featuredmedia":[{"embeddable":true,"href":"https:\/\/www.radioamigavallenar.cl\/index.php?rest_route=\/wp\/v2\/media\/22102"}],"wp:attachment":[{"href":"https:\/\/www.radioamigavallenar.cl\/index.php?rest_route=%2Fwp%2Fv2%2Fmedia&parent=22101"}],"wp:term":[{"taxonomy":"category","embeddable":true,"href":"https:\/\/www.radioamigavallenar.cl\/index.php?rest_route=%2Fwp%2Fv2%2Fcategories&post=22101"},{"taxonomy":"post_tag","embeddable":true,"href":"https:\/\/www.radioamigavallenar.cl\/index.php?rest_route=%2Fwp%2Fv2%2Ftags&post=22101"}],"curies":[{"name":"wp","href":"https:\/\/api.w.org\/{rel}","templated":true}]}}