{"id":22071,"date":"2020-03-18T00:00:00","date_gmt":"2020-03-18T03:00:00","guid":{"rendered":"https:\/\/www.radioamigavallenar.cl\/?p=22071"},"modified":"2020-03-17T22:42:16","modified_gmt":"2020-03-18T01:42:16","slug":"camara-minera-de-chile-llama-a-anticiparse-a-escenarios-futuros-por-impacto-del-coronavirus","status":"publish","type":"post","link":"https:\/\/www.radioamigavallenar.cl\/?p=22071","title":{"rendered":"C\u00e1mara Minera de Chile llama a anticiparse a escenarios futuros por impacto del coronavirus"},"content":{"rendered":"\n<div class=\"wp-block-image\"><figure class=\"aligncenter size-large\"><img loading=\"lazy\" decoding=\"async\" width=\"808\" height=\"795\" src=\"https:\/\/www.radioamigavallenar.cl\/wp-content\/uploads\/2020\/03\/PRESIDENTE-CAMARA-MINERA-DE-CHILE-MANUEL-VIERA.jpg\" alt=\"\" class=\"wp-image-22072\" srcset=\"https:\/\/www.radioamigavallenar.cl\/wp-content\/uploads\/2020\/03\/PRESIDENTE-CAMARA-MINERA-DE-CHILE-MANUEL-VIERA.jpg 808w, https:\/\/www.radioamigavallenar.cl\/wp-content\/uploads\/2020\/03\/PRESIDENTE-CAMARA-MINERA-DE-CHILE-MANUEL-VIERA-300x295.jpg 300w, https:\/\/www.radioamigavallenar.cl\/wp-content\/uploads\/2020\/03\/PRESIDENTE-CAMARA-MINERA-DE-CHILE-MANUEL-VIERA-768x756.jpg 768w\" sizes=\"auto, (max-width: 808px) 100vw, 808px\" \/><\/figure><\/div>\n\n\n\n<p>La C\u00e1mara Minera de Chile adem\u00e1s de solidarizar con las medidas tomadas por la autoridad nacional ante la pandemia que se vive por el Covid-19 y destacar la respuesta de las operaciones mineras del pa\u00eds, se anticipa al escenario que el sector tendr\u00e1 en los pr\u00f3ximos meses.<\/p>\n\n\n\n<p>\u201cSeg\u00fan Goldman Sachs, la econom\u00eda de China, principal socio comercial de Chile registrar\u00e1 una ca\u00edda del 9% en el primer trimestre respecto al a\u00f1o anterior. Lo que no es una buena noticia para nuestro pa\u00eds, tanto en lo que afecta al sector minero como a otras \u00e1reas productivas del pa\u00eds\u201d, asever\u00f3 Manuel Viera, Presidente de la C\u00e1mara Minera de Chile.<\/p>\n\n\n\n<p>Adem\u00e1s se ha informado que la nueva previsi\u00f3n de crecimiento del PIB real para el pa\u00eds asi\u00e1tico para 2020 es del 3%, por debajo del 5,5% anterior, lo que se suma a la posibilidad de que no se controle la pandemia a nivel mundial lo que podr\u00eda significar que la recuperaci\u00f3n de China se vea limitada.<\/p>\n\n\n\n<p>\u201cLo anterior afecta tambi\u00e9n a la ca\u00edda de la actividad econ\u00f3mica y empleo, la que ya ven\u00eda deprimida ante el estallido social que comenz\u00f3 en octubre del a\u00f1o pasado; a un alza del d\u00f3lar m\u00e1s all\u00e1 de cifras conocidas y la baja en el precio del cobre, que hoy, seg\u00fan Cochilco se cotiz\u00f3 en US$ 2,361 la libra, es decir, US$ 5.205,00 la tonelada. Lamentablemente las noticias no son buenas\u201d, asever\u00f3 Viera.<\/p>\n\n\n\n<p>Sin embargo, agreg\u00f3, que la industria nacional y especialmente el sector minero han tomado las medidas del caso y espera que esta situaci\u00f3n no se extienda en el tiempo. \u201cEspero que pronto veamos que los mercados se recuperan, y, especialmente que el Covid-19 comience a retroceder, ese ser\u00eda el mejor escenario, pero lamentablemente, nuestro continente est\u00e1 a la espera de que los casos de la pandemia aumenten, por lo que se deben tomar las medidas apropiadas lo m\u00e1s pronto posible, ya que a\u00fan estamos a tiempo\u201d, dijo el Presidente de la C\u00e1mara Minera de Chile.<\/p>\n\n\n\n<p>Hacemos un llamado a que una vez controlada la pandemia, a aplicar medidas en el corto plazo para recuperar el sistema productivo nacional. \u201cAplazar la subida de impuestos por ser una pol\u00edtica contractiva y que va en contra de generar empleos, dar facilidad financiera a las Pymes para no asfixiarlas, recuperar de manera urgente el tejido productivo en todas las \u00e1reas de la econom\u00eda, y por ultimo vivir en paz\u201d, enfatiz\u00f3 Viera.<\/p>\n\n\n\n<p>Adem\u00e1s, respecto a las palabras del Ministro de Hacienda, quien precis\u00f3 que \u201cvamos a tener un impacto potente, pero transitorio, pero va a ser potente, no va a ser sin efecto, esto que est\u00e1 ocurriendo nos va a golpear y en eso hay que ser realista\u2026\u201d, Manuel Viera dijo que esto se ha visto reflejado, entre otros en el precio del cobre.<\/p>\n\n\n\n<p>\u201cAnte esto, esperamos que las compa\u00f1\u00edas mineras del pa\u00eds logren ajustar sus costos de producci\u00f3n, ya que esta situaci\u00f3n los afectar\u00e1 directamente. Pero queremos ser optimistas y creemos que al remitir la pandemia en China, puede que su econom\u00eda repunte y comience la ola positiva para el sector. Insistimos que Chile debe como obligaci\u00f3n Industrializar sus riquezas naturales\u201d, concluy\u00f3 Manuel Viera, Presidente de la C\u00e1mara Minera de Chile.<\/p>\n","protected":false},"excerpt":{"rendered":"<p>La C\u00e1mara Minera de Chile adem\u00e1s de solidarizar con las medidas tomadas por la autoridad nacional ante la pandemia que se vive por el Covid-19&hellip; <\/p>\n","protected":false},"author":2,"featured_media":22072,"comment_status":"open","ping_status":"closed","sticky":false,"template":"","format":"standard","meta":{"footnotes":""},"categories":[7,34],"tags":[],"class_list":["post-22071","post","type-post","status-publish","format-standard","has-post-thumbnail","hentry","category-atacama","category-mineria"],"_links":{"self":[{"href":"https:\/\/www.radioamigavallenar.cl\/index.php?rest_route=\/wp\/v2\/posts\/22071","targetHints":{"allow":["GET"]}}],"collection":[{"href":"https:\/\/www.radioamigavallenar.cl\/index.php?rest_route=\/wp\/v2\/posts"}],"about":[{"href":"https:\/\/www.radioamigavallenar.cl\/index.php?rest_route=\/wp\/v2\/types\/post"}],"author":[{"embeddable":true,"href":"https:\/\/www.radioamigavallenar.cl\/index.php?rest_route=\/wp\/v2\/users\/2"}],"replies":[{"embeddable":true,"href":"https:\/\/www.radioamigavallenar.cl\/index.php?rest_route=%2Fwp%2Fv2%2Fcomments&post=22071"}],"version-history":[{"count":0,"href":"https:\/\/www.radioamigavallenar.cl\/index.php?rest_route=\/wp\/v2\/posts\/22071\/revisions"}],"wp:featuredmedia":[{"embeddable":true,"href":"https:\/\/www.radioamigavallenar.cl\/index.php?rest_route=\/wp\/v2\/media\/22072"}],"wp:attachment":[{"href":"https:\/\/www.radioamigavallenar.cl\/index.php?rest_route=%2Fwp%2Fv2%2Fmedia&parent=22071"}],"wp:term":[{"taxonomy":"category","embeddable":true,"href":"https:\/\/www.radioamigavallenar.cl\/index.php?rest_route=%2Fwp%2Fv2%2Fcategories&post=22071"},{"taxonomy":"post_tag","embeddable":true,"href":"https:\/\/www.radioamigavallenar.cl\/index.php?rest_route=%2Fwp%2Fv2%2Ftags&post=22071"}],"curies":[{"name":"wp","href":"https:\/\/api.w.org\/{rel}","templated":true}]}}