{"id":22045,"date":"2020-03-17T11:20:12","date_gmt":"2020-03-17T14:20:12","guid":{"rendered":"https:\/\/www.radioamigavallenar.cl\/?p=22045"},"modified":"2020-03-17T11:20:13","modified_gmt":"2020-03-17T14:20:13","slug":"junaeb-entregara-canastas-de-alimentos-a-estudiantes-por-suspension-de-clases","status":"publish","type":"post","link":"https:\/\/www.radioamigavallenar.cl\/?p=22045","title":{"rendered":"Junaeb entregar\u00e1 canastas de alimentos a estudiantes por suspensi\u00f3n de clases"},"content":{"rendered":"\n<div class=\"wp-block-image\"><figure class=\"aligncenter size-large\"><img loading=\"lazy\" decoding=\"async\" width=\"1024\" height=\"572\" src=\"https:\/\/www.radioamigavallenar.cl\/wp-content\/uploads\/2020\/03\/foto_0000000120200316180554-1024x572.jpg\" alt=\"\" class=\"wp-image-22046\" srcset=\"https:\/\/www.radioamigavallenar.cl\/wp-content\/uploads\/2020\/03\/foto_0000000120200316180554-1024x572.jpg 1024w, https:\/\/www.radioamigavallenar.cl\/wp-content\/uploads\/2020\/03\/foto_0000000120200316180554-300x168.jpg 300w, https:\/\/www.radioamigavallenar.cl\/wp-content\/uploads\/2020\/03\/foto_0000000120200316180554-768x429.jpg 768w, https:\/\/www.radioamigavallenar.cl\/wp-content\/uploads\/2020\/03\/foto_0000000120200316180554.jpg 1130w\" sizes=\"auto, (max-width: 1024px) 100vw, 1024px\" \/><\/figure><\/div>\n\n\n\n<p>La medida se empezar\u00e1 a implementar a partir de este mi\u00e9rcoles.<\/p>\n\n\n\n<p>La entrega se realizar\u00e1 previa coordinaci\u00f3n con el establecimiento educacional.<\/p>\n\n\n\n<p>El Ministerio de Educaci\u00f3n confirm\u00f3 que la\u00a0Junaeb dispondr\u00e1 de un servicio alternativo de entrega para que todos los ni\u00f1os, ni\u00f1as y adolescentes puedan recibir su alimentaci\u00f3n, pese a la\u00a0suspensi\u00f3n de clases producto del avance del coronavirus.<\/p>\n\n\n\n<p>Las familias o el estudiante beneficiado podr\u00e1 retirar una colaci\u00f3n y\/o almuerzo en su establecimiento educacional, mientras que\u00a0a partir de este mi\u00e9rcoles se implementar\u00e1 un sistema de entrega de canastas de alimentos, que contendr\u00e1n productos alimenticios equivalentes.<\/p>\n\n\n\n<p>El ministro de Educaci\u00f3n,\u00a0Ra\u00fal Figueroa, plante\u00f3 que \u00abhemos dise\u00f1ado un sistema de entrega de alimentaci\u00f3n que permita darle continuidad al beneficio que 1.600.000 ni\u00f1os y j\u00f3venes reciben a diario. Para poder hacer esto,\u00a0se entregar\u00e1n canastas individuales que deber\u00e1n ser retiradas desde los establecimientos previa coordinaci\u00f3n\u00bb.<\/p>\n\n\n\n<p>\u00abEstas canastas entregan los alimentos para consumir y elaborar en la casa con los nutrientes necesarios para que\u00a0todos los estudiantes que reciben el Programa de<br>Alimentaci\u00f3n Escolar, puedan alimentarse de forma balanceada y segura.\u00a0Contemplan las raciones de desayuno y almuerzo, de acuerdo con las necesidades para cada nivel educativo\u00bb, explic\u00f3\u00a0Jaime Toh\u00e1, director de Junaeb.<\/p>\n\n\n\n<p class=\"has-text-align-center\"><em><strong>Contenido de las canastas<\/strong><\/em><\/p>\n\n\n\n<p>En el caso de los niveles de prekinder a Cuarto Medio, el\u00a0desayuno incluir\u00e1 leche, cereales y huevos, mientras que el\u00a0almuerzo se compone de legumbres, carne en formato preelaborado, at\u00fan, huevos, arroz, fideos y pur\u00e9 de frutas, entre otros.<\/p>\n\n\n\n<p>Los alimentos vienen en un formato adecuado para la elaboraci\u00f3n en los hogares, incluyendo leche, colados y picados para los niveles preescolares.<\/p>\n","protected":false},"excerpt":{"rendered":"<p>La medida se empezar\u00e1 a implementar a partir de este mi\u00e9rcoles. La entrega se realizar\u00e1 previa coordinaci\u00f3n con el establecimiento educacional. El Ministerio de Educaci\u00f3n&hellip; <\/p>\n","protected":false},"author":2,"featured_media":22046,"comment_status":"open","ping_status":"closed","sticky":false,"template":"","format":"standard","meta":{"footnotes":""},"categories":[7,37],"tags":[],"class_list":["post-22045","post","type-post","status-publish","format-standard","has-post-thumbnail","hentry","category-atacama","category-nacional"],"_links":{"self":[{"href":"https:\/\/www.radioamigavallenar.cl\/index.php?rest_route=\/wp\/v2\/posts\/22045","targetHints":{"allow":["GET"]}}],"collection":[{"href":"https:\/\/www.radioamigavallenar.cl\/index.php?rest_route=\/wp\/v2\/posts"}],"about":[{"href":"https:\/\/www.radioamigavallenar.cl\/index.php?rest_route=\/wp\/v2\/types\/post"}],"author":[{"embeddable":true,"href":"https:\/\/www.radioamigavallenar.cl\/index.php?rest_route=\/wp\/v2\/users\/2"}],"replies":[{"embeddable":true,"href":"https:\/\/www.radioamigavallenar.cl\/index.php?rest_route=%2Fwp%2Fv2%2Fcomments&post=22045"}],"version-history":[{"count":0,"href":"https:\/\/www.radioamigavallenar.cl\/index.php?rest_route=\/wp\/v2\/posts\/22045\/revisions"}],"wp:featuredmedia":[{"embeddable":true,"href":"https:\/\/www.radioamigavallenar.cl\/index.php?rest_route=\/wp\/v2\/media\/22046"}],"wp:attachment":[{"href":"https:\/\/www.radioamigavallenar.cl\/index.php?rest_route=%2Fwp%2Fv2%2Fmedia&parent=22045"}],"wp:term":[{"taxonomy":"category","embeddable":true,"href":"https:\/\/www.radioamigavallenar.cl\/index.php?rest_route=%2Fwp%2Fv2%2Fcategories&post=22045"},{"taxonomy":"post_tag","embeddable":true,"href":"https:\/\/www.radioamigavallenar.cl\/index.php?rest_route=%2Fwp%2Fv2%2Ftags&post=22045"}],"curies":[{"name":"wp","href":"https:\/\/api.w.org\/{rel}","templated":true}]}}