{"id":22035,"date":"2020-03-17T11:05:56","date_gmt":"2020-03-17T14:05:56","guid":{"rendered":"https:\/\/www.radioamigavallenar.cl\/?p=22035"},"modified":"2020-03-17T11:05:57","modified_gmt":"2020-03-17T14:05:57","slug":"ministerio-del-trabajo-llama-a-empresas-a-potenciar-teletrabajo-y-disponer-flexibilidad-horaria","status":"publish","type":"post","link":"https:\/\/www.radioamigavallenar.cl\/?p=22035","title":{"rendered":"Ministerio del Trabajo llama a empresas a potenciar teletrabajo y disponer flexibilidad horaria"},"content":{"rendered":"\n<div class=\"wp-block-image\"><figure class=\"aligncenter size-large is-resized\"><img loading=\"lazy\" decoding=\"async\" src=\"https:\/\/www.radioamigavallenar.cl\/wp-content\/uploads\/2020\/03\/teletrabajio.png\" alt=\"\" class=\"wp-image-22036\" width=\"620\" height=\"330\" srcset=\"https:\/\/www.radioamigavallenar.cl\/wp-content\/uploads\/2020\/03\/teletrabajio.png 750w, https:\/\/www.radioamigavallenar.cl\/wp-content\/uploads\/2020\/03\/teletrabajio-300x160.png 300w\" sizes=\"auto, (max-width: 620px) 100vw, 620px\" \/><\/figure><\/div>\n\n\n\n<p><strong>El Ministerio del Trabajo hizo un llamado a las empresas a&nbsp;potenciar el teletrabajo y disponer de flexibilidad horaria&nbsp;para evitar aglomeraciones en el transporte p\u00fablico, como medidas por el coronavirus.<\/strong><\/p>\n\n\n\n<p>Lo anterior fue decidido tras una reuni\u00f3n sostenida entre la titular de la cartera, Mar\u00eda Jos\u00e9 Zald\u00edvar, junto a Fernando Arab, subsecretario del ramo, el presidente de la Confederaci\u00f3n de la Producci\u00f3n y del Comercio (CPC), y su par de la Confederaci\u00f3n Nacional de la Micro, Peque\u00f1a y Mediana Empresa.<\/p>\n\n\n\n<p>\u201cHacemos un llamado a\u00a0redoblar los esfuerzos para proteger a los trabajadores en sus fuentes de trabajo\u00a0y buscar los mecanismos para poder disminuir las posibilidades de contagio\u201d, sostuvo Zald\u00edvar tras la instancia.<\/p>\n\n\n\n<p>A ello, a\u00f1adi\u00f3 que estas medidas deben ser de higiene y seguridad, pero tambi\u00e9n \u201cpotenciar el trabajo a distancia, al mismo tiempo de poder buscar medidas de flexibilidad horaria\u201d.<\/p>\n\n\n\n<p>Adem\u00e1s, el ramo llam\u00f3 a las empresas de todo tipo a respetar las medidas de higiene como la ventilaci\u00f3n de espacios, dispensadores de alcohol gel, en caso que no se pueda decretar el trabajo a distancia, Asimismo, declararon que se debe\u00a0respetar la licencia m\u00e9dica de un trabajador, en caso que \u00e9ste resulte positivo\u00a0a COVID-19.<\/p>\n\n\n\n<p>\u201cEs obligaci\u00f3n que cada uno de nosotros sea responsable y evitar que esta situaci\u00f3n de contagio pueda transformarse en una desgracia para las familias de Chile\u201d, indic\u00f3 la ministra Zald\u00edvar.<\/p>\n\n\n\n<p>Por su parte, Juan Sutil, presidente de la CPC, afirm\u00f3 que las empresas suscribir\u00e1n a este llamado, se\u00f1alando que \u201ces muy importante el proyecto de trabajo a distancia o teletrabajo, y es muy importante el proyecto de continuidad laboral, que permita que, si se nos complican las cosas, tambi\u00e9n pueda estar en funcionamiento\u201d.<\/p>\n\n\n\n<p>Por su parte, el titular de Conapyme, Germ\u00e1n Dastres, sostuvo que la conexi\u00f3n entre peque\u00f1as y grandes empresas requiere una actuaci\u00f3n con cuidado.<\/p>\n\n\n\n<p>\u201cLa idea es que no cortemos la cadena productiva y log\u00edstica, porque hay muchas peque\u00f1as empresas que trabajan encadenadas con las grandes empresas. Aqu\u00ed vamos a tener que hacer un esfuerzo com\u00fan, porque ning\u00fan pa\u00eds del mundo y menos en Chile est\u00e1bamos preparados para esta pandemia\u201d, coment\u00f3 Dastres.<\/p>\n","protected":false},"excerpt":{"rendered":"<p>El Ministerio del Trabajo hizo un llamado a las empresas a&nbsp;potenciar el teletrabajo y disponer de flexibilidad horaria&nbsp;para evitar aglomeraciones en el transporte p\u00fablico, como&hellip; <\/p>\n","protected":false},"author":2,"featured_media":22036,"comment_status":"open","ping_status":"closed","sticky":false,"template":"","format":"standard","meta":{"footnotes":""},"categories":[37],"tags":[],"class_list":["post-22035","post","type-post","status-publish","format-standard","has-post-thumbnail","hentry","category-nacional"],"_links":{"self":[{"href":"https:\/\/www.radioamigavallenar.cl\/index.php?rest_route=\/wp\/v2\/posts\/22035","targetHints":{"allow":["GET"]}}],"collection":[{"href":"https:\/\/www.radioamigavallenar.cl\/index.php?rest_route=\/wp\/v2\/posts"}],"about":[{"href":"https:\/\/www.radioamigavallenar.cl\/index.php?rest_route=\/wp\/v2\/types\/post"}],"author":[{"embeddable":true,"href":"https:\/\/www.radioamigavallenar.cl\/index.php?rest_route=\/wp\/v2\/users\/2"}],"replies":[{"embeddable":true,"href":"https:\/\/www.radioamigavallenar.cl\/index.php?rest_route=%2Fwp%2Fv2%2Fcomments&post=22035"}],"version-history":[{"count":0,"href":"https:\/\/www.radioamigavallenar.cl\/index.php?rest_route=\/wp\/v2\/posts\/22035\/revisions"}],"wp:featuredmedia":[{"embeddable":true,"href":"https:\/\/www.radioamigavallenar.cl\/index.php?rest_route=\/wp\/v2\/media\/22036"}],"wp:attachment":[{"href":"https:\/\/www.radioamigavallenar.cl\/index.php?rest_route=%2Fwp%2Fv2%2Fmedia&parent=22035"}],"wp:term":[{"taxonomy":"category","embeddable":true,"href":"https:\/\/www.radioamigavallenar.cl\/index.php?rest_route=%2Fwp%2Fv2%2Fcategories&post=22035"},{"taxonomy":"post_tag","embeddable":true,"href":"https:\/\/www.radioamigavallenar.cl\/index.php?rest_route=%2Fwp%2Fv2%2Ftags&post=22035"}],"curies":[{"name":"wp","href":"https:\/\/api.w.org\/{rel}","templated":true}]}}