{"id":21992,"date":"2020-03-17T00:00:00","date_gmt":"2020-03-17T03:00:00","guid":{"rendered":"https:\/\/www.radioamigavallenar.cl\/?p=21992"},"modified":"2020-03-16T20:56:02","modified_gmt":"2020-03-16T23:56:02","slug":"se-declara-alerta-amarilla-nacional-por-pandemia","status":"publish","type":"post","link":"https:\/\/www.radioamigavallenar.cl\/?p=21992","title":{"rendered":"Se declara Alerta Amarilla nacional por pandemia"},"content":{"rendered":"\n<div class=\"wp-block-image\"><figure class=\"aligncenter size-large is-resized\"><img loading=\"lazy\" decoding=\"async\" src=\"https:\/\/www.radioamigavallenar.cl\/wp-content\/uploads\/2020\/03\/onemi-alerta-amarilla.jpg\" alt=\"\" class=\"wp-image-21993\" width=\"466\" height=\"332\" srcset=\"https:\/\/www.radioamigavallenar.cl\/wp-content\/uploads\/2020\/03\/onemi-alerta-amarilla.jpg 400w, https:\/\/www.radioamigavallenar.cl\/wp-content\/uploads\/2020\/03\/onemi-alerta-amarilla-300x214.jpg 300w\" sizes=\"auto, (max-width: 466px) 100vw, 466px\" \/><\/figure><\/div>\n\n\n\n<p>Arica y Parinacota, Tarapac\u00e1, Antofagasta, Atacama, Coquimbo, Valpara\u00edso, Metropolitana, Lib. Gral Bernardo O\u2019Higgins, Maule, \u00d1uble, Biob\u00edo, Araucan\u00eda, Los R\u00edos, Los Lagos, Ays\u00e9n del Gral Carlos Ib\u00e1\u00f1ez del Campo, Magallanes y La Ant\u00e1rtica Chilena<\/p>\n\n\n\n<p>De acuerdo al Decreto N\u00b0 04\/2020 del Ministerio de Salud (MINSAL)\u00a0se estableci\u00f3 Alerta Sanitaria por emergencia de salud p\u00fablica de importancia internacional (ESPII) por brote de Coronavirus (COVID-19), se le otorg\u00f3 facultades extraordinarias a dicho ministerio para atender este evento, reforzando sus recursos. Por su parte, el Presidente de la Rep\u00fablica anunci\u00f3 hoy que Chile alcanz\u00f3 la Fase 4 de este brote, decretando el cierre de fronteras para el tr\u00e1nsito de extranjeros a contar del mi\u00e9rcoles 18 de marzo, ante la amenaza de la dispersi\u00f3n comunitaria de esta enfermedad.<\/p>\n\n\n\n<p>En funci\u00f3n de estos antecedentes, la Direcci\u00f3n Nacional de ONEMI\u00a0declara Alerta Amarilla Nacional\u00a0por pandemia, la que se encuentra vigente desde hoy 16 de marzo del 2020 y hasta que las condiciones as\u00ed lo ameriten.<\/p>\n\n\n\n<p>Con la declaraci\u00f3n de esta Alerta Amarilla, se alistar\u00e1n escalonadamente los recursos necesarios, en apoyo adicional a lo ya desplegado por MINSAL y el Sistema Nacional de Protecci\u00f3n Civil; para intervenir de acuerdo a la evoluci\u00f3n del evento, con el objeto de evitar que \u00e9ste crezca en extensi\u00f3n y severidad, minimizando los efectos negativos en las persona<\/p>\n","protected":false},"excerpt":{"rendered":"<p>Arica y Parinacota, Tarapac\u00e1, Antofagasta, Atacama, Coquimbo, Valpara\u00edso, Metropolitana, Lib. Gral Bernardo O\u2019Higgins, Maule, \u00d1uble, Biob\u00edo, Araucan\u00eda, Los R\u00edos, Los Lagos, Ays\u00e9n del Gral Carlos&hellip; <\/p>\n","protected":false},"author":2,"featured_media":21993,"comment_status":"open","ping_status":"closed","sticky":false,"template":"","format":"standard","meta":{"footnotes":""},"categories":[7,37],"tags":[],"class_list":["post-21992","post","type-post","status-publish","format-standard","has-post-thumbnail","hentry","category-atacama","category-nacional"],"_links":{"self":[{"href":"https:\/\/www.radioamigavallenar.cl\/index.php?rest_route=\/wp\/v2\/posts\/21992","targetHints":{"allow":["GET"]}}],"collection":[{"href":"https:\/\/www.radioamigavallenar.cl\/index.php?rest_route=\/wp\/v2\/posts"}],"about":[{"href":"https:\/\/www.radioamigavallenar.cl\/index.php?rest_route=\/wp\/v2\/types\/post"}],"author":[{"embeddable":true,"href":"https:\/\/www.radioamigavallenar.cl\/index.php?rest_route=\/wp\/v2\/users\/2"}],"replies":[{"embeddable":true,"href":"https:\/\/www.radioamigavallenar.cl\/index.php?rest_route=%2Fwp%2Fv2%2Fcomments&post=21992"}],"version-history":[{"count":0,"href":"https:\/\/www.radioamigavallenar.cl\/index.php?rest_route=\/wp\/v2\/posts\/21992\/revisions"}],"wp:featuredmedia":[{"embeddable":true,"href":"https:\/\/www.radioamigavallenar.cl\/index.php?rest_route=\/wp\/v2\/media\/21993"}],"wp:attachment":[{"href":"https:\/\/www.radioamigavallenar.cl\/index.php?rest_route=%2Fwp%2Fv2%2Fmedia&parent=21992"}],"wp:term":[{"taxonomy":"category","embeddable":true,"href":"https:\/\/www.radioamigavallenar.cl\/index.php?rest_route=%2Fwp%2Fv2%2Fcategories&post=21992"},{"taxonomy":"post_tag","embeddable":true,"href":"https:\/\/www.radioamigavallenar.cl\/index.php?rest_route=%2Fwp%2Fv2%2Ftags&post=21992"}],"curies":[{"name":"wp","href":"https:\/\/api.w.org\/{rel}","templated":true}]}}