{"id":21984,"date":"2020-03-16T11:16:54","date_gmt":"2020-03-16T14:16:54","guid":{"rendered":"https:\/\/www.radioamigavallenar.cl\/?p=21984"},"modified":"2020-03-16T11:16:55","modified_gmt":"2020-03-16T14:16:55","slug":"pinera-cierra-fronteras-de-chile-tras-confirmacion-de-155-casos-con-coronavirus","status":"publish","type":"post","link":"https:\/\/www.radioamigavallenar.cl\/?p=21984","title":{"rendered":"Pi\u00f1era cierra fronteras de Chile tras confirmaci\u00f3n de 155 casos con coronavirus"},"content":{"rendered":"\n<div class=\"wp-block-image\"><figure class=\"aligncenter size-large\"><img loading=\"lazy\" decoding=\"async\" width=\"900\" height=\"560\" src=\"https:\/\/www.radioamigavallenar.cl\/wp-content\/uploads\/2020\/03\/A_UNO_1165693-scaled-1.jpg\" alt=\"\" class=\"wp-image-21985\" srcset=\"https:\/\/www.radioamigavallenar.cl\/wp-content\/uploads\/2020\/03\/A_UNO_1165693-scaled-1.jpg 900w, https:\/\/www.radioamigavallenar.cl\/wp-content\/uploads\/2020\/03\/A_UNO_1165693-scaled-1-300x187.jpg 300w, https:\/\/www.radioamigavallenar.cl\/wp-content\/uploads\/2020\/03\/A_UNO_1165693-scaled-1-768x478.jpg 768w\" sizes=\"auto, (max-width: 900px) 100vw, 900px\" \/><\/figure><\/div>\n\n\n\n<p>a medida comenzar\u00e1 a regir a contar del mi\u00e9rcoles 18 de marzo, luego de que se anunciara el ingreso a la Fase 4 de la epidemia.<\/p>\n\n\n\n<p>El\u00a0Presidente Sebasti\u00e1n Pi\u00f1era\u00a0anunci\u00f3 el\u00a0cierre de fronteras terrestres mar\u00edtimas y a\u00e9reas en todo el pa\u00eds a ra\u00edz del avance del\u00a0coronavirus COVID-19, cuyo balance de este lunes subi\u00f3 a\u00a0155 casos confirmados, inici\u00e1ndose as\u00ed la Fase 4 de la enfermedad.<\/p>\n\n\n\n<p>De acuerdo a lo mencionado por el Mandatario, la medida extraordinaria comenzar\u00e1 a regir<strong>\u00a0<\/strong>a contar de este mi\u00e9rcoles 18 de marz<strong>o<\/strong>, pero no afectando la entrada o salida de cargas.<\/p>\n\n\n\n<p>\u00abSab\u00edamos que \u00edbamos a llegar a esta etapa, pero estamos preparados\u00bb<strong>,<\/strong>\u00a0agreg\u00f3 el jefe de Estado, enfatizando que se tomar\u00e1n las medidas de acuerdo a los protocolos de la Organizaci\u00f3n Mundial de la Salud.<\/p>\n\n\n\n<h2 class=\"has-text-align-center wp-block-heading\"><strong>MINEDUC Y SUSPENSI\u00d3N DE CLASES: \u00abNO SON VACACIONES\u00bb<\/strong><\/h2>\n\n\n\n<p>Durante la jornada, el ministro de Educaci\u00f3n, Ra\u00fal Figueroa, hizo un llamado a padres y alumnos respetar las medidas sanitarias por la\u00a0suspensi\u00f3n de clases, asegurando que esta \u00abno son vacaciones\u00bb.<\/p>\n\n\n\n<p>Figueroa detall\u00f3 que de aqu\u00ed al mi\u00e9rcoles la Junaeb\u00a0va tener raciones de contingencia en los establecimientos para que las familias que procedan a retirarlas, aunque agreg\u00f3 que\u00a0 \u00abla idea es que no se re\u00fanan en los comedores de las escuelas\u00bb.<\/p>\n\n\n\n<p>Asimismo, enfatiz\u00f3 que \u00ablos apoderados son fundamentales en el proceso\u00bb\u00a0para que los j\u00f3venes se mantengan en sus hogares y eviten posibles focos de contagio.<\/p>\n\n\n\n<h2 class=\"has-text-align-center wp-block-heading\"><strong>GRUPOS DE RIESGO INFLUENZA<\/strong><\/h2>\n\n\n\n<p>La campa\u00f1a de vacunaci\u00f3n contra<strong>&nbsp;la influenza se adelant\u00f3 para este lunes<\/strong>. La medida fue adoptada por parte del<strong>&nbsp;Ministerio de Salud,<\/strong>&nbsp;luego de la pandemia del<strong>&nbsp;Coronavirus Covid-19<\/strong>&nbsp;y est\u00e1 enfocada principalmente en los grupos de riesgo.<\/p>\n\n\n\n<h3 class=\"has-text-align-center wp-block-heading\">\u00bfQu\u00e9 es la influenza?<\/h3>\n\n\n\n<p>Es una infecci\u00f3n respiratoria que afecta la garganta, la nariz y muchas veces los pulmones. El virus puede causar una enfermedad grave que puede, incluso&nbsp;<strong>causar la muerte<\/strong>, por lo que la prevenci\u00f3n es primordial.<\/p>\n\n\n\n<h3 class=\"has-text-align-center wp-block-heading\">\u00bfQui\u00e9nes deben vacunarse?<\/h3>\n\n\n\n<p>\u2013 Personal del \u00e1rea de la salud.<br>\u2013 Todas las embarazadas.<br>\u2013 Ni\u00f1os y ni\u00f1as de edades comprendidas desde los 6 meses hasta 10 a\u00f1os (5\u00ba b\u00e1sico).<br>\u2013 Personas de 65 a\u00f1os y m\u00e1s.<br>\u2013 Pacientes cr\u00f3nicos portadores de alguna de las siguientes condiciones de riesgo:<br>\u2013 Diabetes.<br>\u2013 Enfermedades pulmonares cr\u00f3nicas, espec\u00edficamente: asma bronquial; EPOC; fibrosis qu\u00edstica; fibrosis pulmonar de cualquier causa.<br>\u2013 Cardiopat\u00edas, espec\u00edficamente: cong\u00e9nitas, reum\u00e1tica, isqu\u00e9mica y miocardiopat\u00edas de cualquier causa.<br>\u2013 Enfermedades neuromusculares cong\u00e9nitas o adquiridas que determinan trastornos de la degluci\u00f3n o del manejo de secreciones respiratorias.<br>\u2013 Hipertensi\u00f3n arterial en tratamiento farmacol\u00f3gico.<br>\u2013 Obesidad M\u00f3rbida.<br>\u2013 Insuficiencia renal en etapa 4 o mayor.<br>\u2013 Insuficiencia renal en di\u00e1lisis.<br>\u2013 Insuficiencia hep\u00e1tica cr\u00f3nica.<br>\u2013 Enfermedades autoinmunes como Lupus; escleroderma; artritis reumatoide, enfermedad de Crohn, etc.<br>\u2013 C\u00e1ncer en tratamiento con radioterapia, quimioterapia, terapias hormonales o medidas paliativas de cualquier tipo.<br>\u2013 Infecci\u00f3n por VIH.<br>\u2013 Inmunodeficiencias cong\u00e9nitas o adquiridas.<\/p>\n","protected":false},"excerpt":{"rendered":"<p>a medida comenzar\u00e1 a regir a contar del mi\u00e9rcoles 18 de marzo, luego de que se anunciara el ingreso a la Fase 4 de la&hellip; <\/p>\n","protected":false},"author":2,"featured_media":21985,"comment_status":"open","ping_status":"closed","sticky":false,"template":"","format":"standard","meta":{"footnotes":""},"categories":[37],"tags":[],"class_list":["post-21984","post","type-post","status-publish","format-standard","has-post-thumbnail","hentry","category-nacional"],"_links":{"self":[{"href":"https:\/\/www.radioamigavallenar.cl\/index.php?rest_route=\/wp\/v2\/posts\/21984","targetHints":{"allow":["GET"]}}],"collection":[{"href":"https:\/\/www.radioamigavallenar.cl\/index.php?rest_route=\/wp\/v2\/posts"}],"about":[{"href":"https:\/\/www.radioamigavallenar.cl\/index.php?rest_route=\/wp\/v2\/types\/post"}],"author":[{"embeddable":true,"href":"https:\/\/www.radioamigavallenar.cl\/index.php?rest_route=\/wp\/v2\/users\/2"}],"replies":[{"embeddable":true,"href":"https:\/\/www.radioamigavallenar.cl\/index.php?rest_route=%2Fwp%2Fv2%2Fcomments&post=21984"}],"version-history":[{"count":0,"href":"https:\/\/www.radioamigavallenar.cl\/index.php?rest_route=\/wp\/v2\/posts\/21984\/revisions"}],"wp:featuredmedia":[{"embeddable":true,"href":"https:\/\/www.radioamigavallenar.cl\/index.php?rest_route=\/wp\/v2\/media\/21985"}],"wp:attachment":[{"href":"https:\/\/www.radioamigavallenar.cl\/index.php?rest_route=%2Fwp%2Fv2%2Fmedia&parent=21984"}],"wp:term":[{"taxonomy":"category","embeddable":true,"href":"https:\/\/www.radioamigavallenar.cl\/index.php?rest_route=%2Fwp%2Fv2%2Fcategories&post=21984"},{"taxonomy":"post_tag","embeddable":true,"href":"https:\/\/www.radioamigavallenar.cl\/index.php?rest_route=%2Fwp%2Fv2%2Ftags&post=21984"}],"curies":[{"name":"wp","href":"https:\/\/api.w.org\/{rel}","templated":true}]}}