{"id":21981,"date":"2020-03-16T10:25:35","date_gmt":"2020-03-16T13:25:35","guid":{"rendered":"https:\/\/www.radioamigavallenar.cl\/?p=21981"},"modified":"2020-03-16T10:25:37","modified_gmt":"2020-03-16T13:25:37","slug":"colegio-medico-no-descarta-pedir-postergacion-del-plebiscito-a-causa-del-coronavirus","status":"publish","type":"post","link":"https:\/\/www.radioamigavallenar.cl\/?p=21981","title":{"rendered":"Colegio M\u00e9dico no descarta pedir postergaci\u00f3n del plebiscito a causa del coronavirus"},"content":{"rendered":"\n<div class=\"wp-block-image\"><figure class=\"aligncenter size-large\"><img loading=\"lazy\" decoding=\"async\" width=\"900\" height=\"507\" src=\"https:\/\/www.radioamigavallenar.cl\/wp-content\/uploads\/2020\/03\/foto_0000000120200316091936-scaled-1.jpg\" alt=\"\" class=\"wp-image-21982\" srcset=\"https:\/\/www.radioamigavallenar.cl\/wp-content\/uploads\/2020\/03\/foto_0000000120200316091936-scaled-1.jpg 900w, https:\/\/www.radioamigavallenar.cl\/wp-content\/uploads\/2020\/03\/foto_0000000120200316091936-scaled-1-300x169.jpg 300w, https:\/\/www.radioamigavallenar.cl\/wp-content\/uploads\/2020\/03\/foto_0000000120200316091936-scaled-1-768x433.jpg 768w\" sizes=\"auto, (max-width: 900px) 100vw, 900px\" \/><figcaption>Santiago 12 enero 2020.\rArtistas, personalidades, dirigentes y dirigentas sociales, juventudes pol\u00edticas (PC, PH, PRO, FRVS, IC Y JMRE) lanzan la plataforma juvenil \u00abGeneraci\u00f3n Constituyente\u00bb y su campa\u00f1a \u00abChile digno, si no pa qu\u00e9\u00bb, en el marco del plebiscito constitucional del 26 de abril.\rMarcelo Hernandez\/Aton Chile<\/figcaption><\/figure><\/div>\n\n\n\n<p>Hay que tomar algunas definiciones, pero tambi\u00e9n hacerlo pol\u00edticamente de una forma h\u00e1bil\u00bb, afirm\u00f3 Izkia Siches<\/p>\n\n\n\n<p>La presidenta del Colegio M\u00e9dico,\u00a0Izkia Siches, afirm\u00f3 en radio\u00a0Cooperativa\u00a0que\u00a0no descartan el pedir la postergaci\u00f3n del plebiscito constitucional del 26 de abril para poder evitar nuevos casos de coronavirus en el pa\u00eds.<\/p>\n\n\n\n<p>De cara a la reuni\u00f3n que tendr\u00e1 este lunes con el Presidente Sebasti\u00e1n Pi\u00f1era en La Moneda, Siches anticip\u00f3 que respecto al plebiscito, donde los chilenos definir\u00e1n si quieren o no una nueva Constituci\u00f3n y el mecanismo para ello, \u00abhay que tomar algunas definiciones en cuanto a plebiscito, pero tambi\u00e9n hacerlo pol\u00edticamente de una forma h\u00e1bil\u00ab. consigna dicho medio.<\/p>\n\n\n\n<p>\u00abNecesitamos que la ciudadan\u00eda nos crea, necesitamos que la ciudadan\u00eda entienda la relevancia de este proceso y tambi\u00e9n tener algunas soluciones pol\u00edticas que tranquilicen a la ciudadan\u00eda. Si tomamos una decisi\u00f3n y al otro d\u00eda plantean una marcha de un mill\u00f3n de personas de nuevo en la Alameda, obviamente es el peor escenario del punto de vista epidemiol\u00f3gico\u00bb, expres\u00f3.<\/p>\n\n\n\n<p>Esto, a\u00f1adi\u00f3 la profesional, \u00abno es solamente pidi\u00e9ndolo la voluntad a la ciudadan\u00eda que se quede en su casa, sino que tambi\u00e9n, y es a lo que queremos invitar a los pol\u00edticos, se pongan de acuerdo y como nunca puedan dar\u00a0un mensaje unitario en un escenario que es distinto a lo que hab\u00edamos enfrentado antes\u00ab.<\/p>\n\n\n\n<p>\u00abLe vamos a presentar (al Mandatario) los elementos, hay distintas estrategias que se podr\u00edan plantear, pero\u00a0<strong>o<\/strong>bviamente no va a ser, lo m\u00e1s probable, un plebiscito que se pudiera hacer de forma normal.\u00a0Se puede distanciar en d\u00edas, usar elementos de protecci\u00f3n personal, hay distintas estrategias\u00ab, asever\u00f3.<\/p>\n\n\n\n<h2 class=\"has-text-align-center wp-block-heading\"><em>\u00abNo tomemos las medidas cuando puede ser demasiado tarde\u00bb<\/em><\/h2>\n\n\n\n<p>La presidenta del Colmed sostuvo que \u00abtiene que ser (una decisi\u00f3n) unitaria como pa\u00eds, tiene que ser muy responsable, tiene que dejar a la gente tranquila de que aqu\u00ed a nadie le est\u00e1n pasando gato por liebre, sino que efectivamente es una situaci\u00f3n grave, compleja, y si tomamos medidas m\u00e1s precozmente, porque cuando tengamos muchos pacientes fallecidos y nuestro sistema est\u00e9 saturado, nadie se lo va a cuestionar\u00bb.<\/p>\n\n\n\n<p>\u00ab<strong>Como Colegio hemos estado presionando para que no tomemos las medidas cuando puede ser demasiado tarde<\/strong>\u00ab, advirti\u00f3.<\/p>\n\n\n\n<p>Siches tambi\u00e9n dijo que esperan reunirse con representantes de las organizaciones sociales para que \u00abtambi\u00e9n exista un enfoque en esa l\u00ednea\u00bb.<\/p>\n\n\n\n<p>Adem\u00e1s, la profesional adelant\u00f3 que\u00a0el cerrar fronteras \u00abes una de las propuestas que llevamos\u00bb a la reuni\u00f3n con el Presidente Pi\u00f1era en La Moneda.<\/p>\n","protected":false},"excerpt":{"rendered":"<p>Hay que tomar algunas definiciones, pero tambi\u00e9n hacerlo pol\u00edticamente de una forma h\u00e1bil\u00bb, afirm\u00f3 Izkia Siches La presidenta del Colegio M\u00e9dico,\u00a0Izkia Siches, afirm\u00f3 en radio\u00a0Cooperativa\u00a0que\u00a0no&hellip; <\/p>\n","protected":false},"author":2,"featured_media":21982,"comment_status":"open","ping_status":"closed","sticky":false,"template":"","format":"standard","meta":{"footnotes":""},"categories":[37],"tags":[],"class_list":["post-21981","post","type-post","status-publish","format-standard","has-post-thumbnail","hentry","category-nacional"],"_links":{"self":[{"href":"https:\/\/www.radioamigavallenar.cl\/index.php?rest_route=\/wp\/v2\/posts\/21981","targetHints":{"allow":["GET"]}}],"collection":[{"href":"https:\/\/www.radioamigavallenar.cl\/index.php?rest_route=\/wp\/v2\/posts"}],"about":[{"href":"https:\/\/www.radioamigavallenar.cl\/index.php?rest_route=\/wp\/v2\/types\/post"}],"author":[{"embeddable":true,"href":"https:\/\/www.radioamigavallenar.cl\/index.php?rest_route=\/wp\/v2\/users\/2"}],"replies":[{"embeddable":true,"href":"https:\/\/www.radioamigavallenar.cl\/index.php?rest_route=%2Fwp%2Fv2%2Fcomments&post=21981"}],"version-history":[{"count":0,"href":"https:\/\/www.radioamigavallenar.cl\/index.php?rest_route=\/wp\/v2\/posts\/21981\/revisions"}],"wp:featuredmedia":[{"embeddable":true,"href":"https:\/\/www.radioamigavallenar.cl\/index.php?rest_route=\/wp\/v2\/media\/21982"}],"wp:attachment":[{"href":"https:\/\/www.radioamigavallenar.cl\/index.php?rest_route=%2Fwp%2Fv2%2Fmedia&parent=21981"}],"wp:term":[{"taxonomy":"category","embeddable":true,"href":"https:\/\/www.radioamigavallenar.cl\/index.php?rest_route=%2Fwp%2Fv2%2Fcategories&post=21981"},{"taxonomy":"post_tag","embeddable":true,"href":"https:\/\/www.radioamigavallenar.cl\/index.php?rest_route=%2Fwp%2Fv2%2Ftags&post=21981"}],"curies":[{"name":"wp","href":"https:\/\/api.w.org\/{rel}","templated":true}]}}