{"id":21978,"date":"2020-03-16T10:24:02","date_gmt":"2020-03-16T13:24:02","guid":{"rendered":"https:\/\/www.radioamigavallenar.cl\/?p=21978"},"modified":"2020-03-16T10:24:03","modified_gmt":"2020-03-16T13:24:03","slug":"minvu-implementa-medidas-para-construir-mas-viviendas-a-familias-de-campamentos","status":"publish","type":"post","link":"https:\/\/www.radioamigavallenar.cl\/?p=21978","title":{"rendered":"Minvu implementa medidas para construir m\u00e1s viviendas a familias de campamentos"},"content":{"rendered":"\n<div class=\"wp-block-image\"><figure class=\"aligncenter size-large\"><img loading=\"lazy\" decoding=\"async\" width=\"900\" height=\"600\" src=\"https:\/\/www.radioamigavallenar.cl\/wp-content\/uploads\/2020\/03\/visita-jaime-sierra-castillo-2-scaled-1.jpg\" alt=\"\" class=\"wp-image-21979\" srcset=\"https:\/\/www.radioamigavallenar.cl\/wp-content\/uploads\/2020\/03\/visita-jaime-sierra-castillo-2-scaled-1.jpg 900w, https:\/\/www.radioamigavallenar.cl\/wp-content\/uploads\/2020\/03\/visita-jaime-sierra-castillo-2-scaled-1-300x200.jpg 300w, https:\/\/www.radioamigavallenar.cl\/wp-content\/uploads\/2020\/03\/visita-jaime-sierra-castillo-2-scaled-1-768x512.jpg 768w\" sizes=\"auto, (max-width: 900px) 100vw, 900px\" \/><\/figure><\/div>\n\n\n\n<p>Una importante visita de trabajo en Atacama, cumpli\u00f3 el Subsecretario de Vivienda y Urbanismo, Guillermo Rolando, centrada primordialmente en materia de campamentos y en particular en conocer el sentir de la gente que vive en asentamientos precarios.<\/p>\n\n\n\n<p>Por esta raz\u00f3n, sostuvo, por alrededor de dos horas, una reuni\u00f3n con una treintena de dirigentes de distintos campamentos de la comuna de Copiap\u00f3, entre ellos, La Negrita, Villa El Cerro, La Estrellita, Las Naciones, Sergio Soto, Un Sue\u00f1o por Cumplir, Til Til, Isabel Riquelme, Alto Cartavio, Nueva Esperanza y Fuerza Paipote.<\/p>\n\n\n\n<p>Los representantes territoriales de las familias de campamentos valoraron el intercambio de ideas con Guillermo Rolando, agradeciendo la cercan\u00eda de la autoridad para escuchar sus puntos de vista, con el objetivo de recoger inquietudes que se traduzcan en medidas concretas.<\/p>\n\n\n\n<p>Asimismo, la autoridad lider\u00f3 una importante reuni\u00f3n t\u00e9cnica con los equipos regionales, en que tambi\u00e9n participaron el encargado nacional del \u00e1rea, Carlos Garc\u00e9s; la SEREMI (s), Gianella Ravello; y el Director SERVIU, Rodrigo Maturana.<\/p>\n\n\n\n<p>El objetivo de esta reuni\u00f3n fue revisar minuciosamente las acciones que se est\u00e1n ejecutando para contrarrestar el crecimiento de los asentamientos precarios en las distintas comunas de la regi\u00f3n, y tambi\u00e9n en otras partes del pa\u00eds.<\/p>\n\n\n\n<p>El Subsecretario MINVU, Guillermo Rolando, junto con valorar la labor regional, entreg\u00f3 relevantes lineamientos, los que se tradujeron en compromisos concretos para las familias que viven en campamentos y que son h\u00e1biles de ser beneficiarias de un subsidio.<\/p>\n\n\n\n<p>\u201cEl rol del Ministerio de Vivienda es dar las soluciones definitivas del h\u00e1bitat a las familias, ya sea de allegados, arrendatarios o a quienes viven en campamentos. Y si el ministerio no construye un n\u00famero importante de viviendas a familias de campamentos, anualmente, lo m\u00e1s probable es, por definici\u00f3n, que los campamentos vayan aumentando\u201d, enfatiz\u00f3 la autoridad.<\/p>\n\n\n\n<p>Por este motivo, Guillermo Rolando, explic\u00f3, que los proyectos habitacionales del MINVU deben considerar un porcentaje para familias de campamentos.<\/p>\n\n\n\n<p>\u201cNosotros necesitamos instrumentos nuevos, buscar m\u00e1s terrenos, inyectar m\u00e1s recursos al programa campamentos y, esencialmente, en la comuna de Copiap\u00f3. En el resto de la regi\u00f3n tambi\u00e9n, pero el gran n\u00famero de campamentos se concentra en Copiap\u00f3\u201d, afirm\u00f3 el Subsecretario de Vivienda y Urbanismo.<\/p>\n\n\n\n<p>Otra relevante actividad que realiz\u00f3, fue la visita a las obras de radicaci\u00f3n del hist\u00f3rico campamento Jaime Sierra Castillo en la capital regional. Junto al Intendente, Patricio Urquieta, y las dirigentas, Isabel Reyes, y Ruth Collao, recorrieron los trabajos que continuar\u00e1n con una segunda etapa de habilitaci\u00f3n de los servicios b\u00e1sicos de agua y alcantarillado.<\/p>\n\n\n\n<p>El Intendente de Atacama Patricio Urquieta, asever\u00f3 que \u201cestamos contentos junto al Subsecretario, a los dirigentes, porque en el Campamento Jaime Sierra Castillo se va a construir m\u00e1s que un proyecto habitacional, se va a construir un proyecto de vida, que va a tener otro equipamiento, otra infraestructura, otro acceso, y sobretodo, lo m\u00e1s importante es que en comunidad todos los vecinos van a poder realizarse plenamente\u201d.<\/p>\n\n\n\n<p>El diagn\u00f3stico y obras preliminares del campamento Jaime Sierra Castillo, que consideran la preparaci\u00f3n del terreno para la radicaci\u00f3n de las familias, signific\u00f3 una inversi\u00f3n para el MINVU de 247 millones de pesos.<\/p>\n","protected":false},"excerpt":{"rendered":"<p>Una importante visita de trabajo en Atacama, cumpli\u00f3 el Subsecretario de Vivienda y Urbanismo, Guillermo Rolando, centrada primordialmente en materia de campamentos y en particular&hellip; <\/p>\n","protected":false},"author":2,"featured_media":21979,"comment_status":"open","ping_status":"closed","sticky":false,"template":"","format":"standard","meta":{"footnotes":""},"categories":[7],"tags":[],"class_list":["post-21978","post","type-post","status-publish","format-standard","has-post-thumbnail","hentry","category-atacama"],"_links":{"self":[{"href":"https:\/\/www.radioamigavallenar.cl\/index.php?rest_route=\/wp\/v2\/posts\/21978","targetHints":{"allow":["GET"]}}],"collection":[{"href":"https:\/\/www.radioamigavallenar.cl\/index.php?rest_route=\/wp\/v2\/posts"}],"about":[{"href":"https:\/\/www.radioamigavallenar.cl\/index.php?rest_route=\/wp\/v2\/types\/post"}],"author":[{"embeddable":true,"href":"https:\/\/www.radioamigavallenar.cl\/index.php?rest_route=\/wp\/v2\/users\/2"}],"replies":[{"embeddable":true,"href":"https:\/\/www.radioamigavallenar.cl\/index.php?rest_route=%2Fwp%2Fv2%2Fcomments&post=21978"}],"version-history":[{"count":0,"href":"https:\/\/www.radioamigavallenar.cl\/index.php?rest_route=\/wp\/v2\/posts\/21978\/revisions"}],"wp:featuredmedia":[{"embeddable":true,"href":"https:\/\/www.radioamigavallenar.cl\/index.php?rest_route=\/wp\/v2\/media\/21979"}],"wp:attachment":[{"href":"https:\/\/www.radioamigavallenar.cl\/index.php?rest_route=%2Fwp%2Fv2%2Fmedia&parent=21978"}],"wp:term":[{"taxonomy":"category","embeddable":true,"href":"https:\/\/www.radioamigavallenar.cl\/index.php?rest_route=%2Fwp%2Fv2%2Fcategories&post=21978"},{"taxonomy":"post_tag","embeddable":true,"href":"https:\/\/www.radioamigavallenar.cl\/index.php?rest_route=%2Fwp%2Fv2%2Ftags&post=21978"}],"curies":[{"name":"wp","href":"https:\/\/api.w.org\/{rel}","templated":true}]}}