{"id":21975,"date":"2020-03-16T09:05:42","date_gmt":"2020-03-16T12:05:42","guid":{"rendered":"https:\/\/www.radioamigavallenar.cl\/?p=21975"},"modified":"2020-03-16T09:05:43","modified_gmt":"2020-03-16T12:05:43","slug":"efecto-coronavirus-clientes-vacian-supermercados-a-lo-largo-del-pais","status":"publish","type":"post","link":"https:\/\/www.radioamigavallenar.cl\/?p=21975","title":{"rendered":"Efecto Coronavirus: Clientes vac\u00edan supermercados a lo largo del pa\u00eds"},"content":{"rendered":"\n<div class=\"wp-block-image\"><figure class=\"aligncenter size-large\"><img loading=\"lazy\" decoding=\"async\" width=\"900\" height=\"562\" src=\"https:\/\/www.radioamigavallenar.cl\/wp-content\/uploads\/2020\/03\/A_UNO_1166232-scaled-1.jpg\" alt=\"\" class=\"wp-image-21976\" srcset=\"https:\/\/www.radioamigavallenar.cl\/wp-content\/uploads\/2020\/03\/A_UNO_1166232-scaled-1.jpg 900w, https:\/\/www.radioamigavallenar.cl\/wp-content\/uploads\/2020\/03\/A_UNO_1166232-scaled-1-300x187.jpg 300w, https:\/\/www.radioamigavallenar.cl\/wp-content\/uploads\/2020\/03\/A_UNO_1166232-scaled-1-768x480.jpg 768w\" sizes=\"auto, (max-width: 900px) 100vw, 900px\" \/><\/figure><\/div>\n\n\n\n<p>El papel higi\u00e9nico es uno de los elementos que se ha agotado en las estanter\u00edas de diferentes locales comerciales.<\/p>\n\n\n\n<p>Varios supermercados a lo largo del pa\u00eds amanecieron este lunes con sus mamparas casi vac\u00edas luego de que la gente\u00a0acudiera en masa a comprar\u00a0elementos tales c\u00f3mo lo es el\u00a0papel higi\u00e9nico<strong>\u00a0<\/strong>y alimentos no perecibles.<\/p>\n\n\n\n<p>Esto luego de que se decretara fase tres dentro de la pandemia del&nbsp;<strong>Coronavirus Covid-19<\/strong>, lo que ha generado un acaparamiento masivo de elementos necesarios para la prevenci\u00f3n del contagio de la enfermedad.<\/p>\n\n\n\n<p>Im\u00e1genes captadas por agencias y tambi\u00e9n por usuarios de redes sociales dan cuenta de las estanter\u00edas vac\u00edas,\u00a0sobretodo del papel higi\u00e9nico.<\/p>\n\n\n\n<p>El llamado de las autoridades es no caer en estas pr\u00e1cticas ya que el acaparar dichos elementos deja sin estos a otras personas que lo necesiten y por consiguiente, expuestos al contagio que pueda llegar hasta los mismos consumidores que hayan comprado en exceso.<\/p>\n","protected":false},"excerpt":{"rendered":"<p>El papel higi\u00e9nico es uno de los elementos que se ha agotado en las estanter\u00edas de diferentes locales comerciales. Varios supermercados a lo largo del&hellip; <\/p>\n","protected":false},"author":2,"featured_media":21976,"comment_status":"open","ping_status":"closed","sticky":false,"template":"","format":"standard","meta":{"footnotes":""},"categories":[37],"tags":[],"class_list":["post-21975","post","type-post","status-publish","format-standard","has-post-thumbnail","hentry","category-nacional"],"_links":{"self":[{"href":"https:\/\/www.radioamigavallenar.cl\/index.php?rest_route=\/wp\/v2\/posts\/21975","targetHints":{"allow":["GET"]}}],"collection":[{"href":"https:\/\/www.radioamigavallenar.cl\/index.php?rest_route=\/wp\/v2\/posts"}],"about":[{"href":"https:\/\/www.radioamigavallenar.cl\/index.php?rest_route=\/wp\/v2\/types\/post"}],"author":[{"embeddable":true,"href":"https:\/\/www.radioamigavallenar.cl\/index.php?rest_route=\/wp\/v2\/users\/2"}],"replies":[{"embeddable":true,"href":"https:\/\/www.radioamigavallenar.cl\/index.php?rest_route=%2Fwp%2Fv2%2Fcomments&post=21975"}],"version-history":[{"count":0,"href":"https:\/\/www.radioamigavallenar.cl\/index.php?rest_route=\/wp\/v2\/posts\/21975\/revisions"}],"wp:featuredmedia":[{"embeddable":true,"href":"https:\/\/www.radioamigavallenar.cl\/index.php?rest_route=\/wp\/v2\/media\/21976"}],"wp:attachment":[{"href":"https:\/\/www.radioamigavallenar.cl\/index.php?rest_route=%2Fwp%2Fv2%2Fmedia&parent=21975"}],"wp:term":[{"taxonomy":"category","embeddable":true,"href":"https:\/\/www.radioamigavallenar.cl\/index.php?rest_route=%2Fwp%2Fv2%2Fcategories&post=21975"},{"taxonomy":"post_tag","embeddable":true,"href":"https:\/\/www.radioamigavallenar.cl\/index.php?rest_route=%2Fwp%2Fv2%2Ftags&post=21975"}],"curies":[{"name":"wp","href":"https:\/\/api.w.org\/{rel}","templated":true}]}}