{"id":21972,"date":"2020-03-16T00:00:00","date_gmt":"2020-03-16T03:00:00","guid":{"rendered":"https:\/\/www.radioamigavallenar.cl\/?p=21972"},"modified":"2020-03-15T21:22:46","modified_gmt":"2020-03-16T00:22:46","slug":"medicos-chinos-advierten-que-pacientes-recuperados-de-covid19-pierden-parte-de-su-capacidad-pulmonar","status":"publish","type":"post","link":"https:\/\/www.radioamigavallenar.cl\/?p=21972","title":{"rendered":"M\u00e9dicos chinos advierten que pacientes recuperados de Covid19 pierden parte de su capacidad pulmonar"},"content":{"rendered":"\n<div class=\"wp-block-image\"><figure class=\"aligncenter size-large\"><img loading=\"lazy\" decoding=\"async\" width=\"750\" height=\"400\" src=\"https:\/\/www.radioamigavallenar.cl\/wp-content\/uploads\/2020\/03\/cod-750x400-1.jpg\" alt=\"\" class=\"wp-image-21973\" srcset=\"https:\/\/www.radioamigavallenar.cl\/wp-content\/uploads\/2020\/03\/cod-750x400-1.jpg 750w, https:\/\/www.radioamigavallenar.cl\/wp-content\/uploads\/2020\/03\/cod-750x400-1-300x160.jpg 300w\" sizes=\"auto, (max-width: 750px) 100vw, 750px\" \/><\/figure><\/div>\n\n\n\n<p>El pasado viernes, autoridades sanitarias de la Red Hospitalaria de Hong Kong entregaron una informaci\u00f3n preocupante que tiene relaci\u00f3n con las personas que se han recuperado del Coronavirus. Esto porque, seg\u00fan monitores,\u00a0algunos de ellos han perdido parte de su capacidad pulmonar para realizar actividades.<\/p>\n\n\n\n<p>Seg\u00fan detalla el portal\u00a0<a href=\"https:\/\/actualidad.rt.com\/actualidad\/346080-pacientes-recuperados-covid19-consecuencias-capacidad-pulmonar\">RT<\/a>, el director m\u00e9dico del Centro de Enfermedades Infecciosas de la Autoridad en el Hospital Princess Margaret, Owen Tsang Tak-yin, inform\u00f3 que\u00a0luego de monitorear a 12 personas j\u00f3venes dadas de alta por Covid-19, tres de ellas no eran capaces de realizar acciones que antes desarrollaban con normalidad.<\/p>\n\n\n\n<p>En este sentido, el especialista indic\u00f3 que en este grupo se situaban personas entre 25 y 35 a\u00f1os de edad, quienes no son \u201cpacientes de riesgo\u201d por esta enfermedad.<\/p>\n\n\n\n<p>\u201cNotamos que jadean si aceleran el paso.<strong>\u00a0<\/strong>Algunos pacientes pueden tener una reducci\u00f3n de su capacidad pulmonar de entre el 20% y 30%\u201d<strong>,<\/strong>\u00a0precis\u00f3.<\/p>\n\n\n\n<figure class=\"wp-block-image\"><img decoding=\"async\" src=\"https:\/\/media.biobiochile.cl\/wp-content\/uploads\/2020\/03\/cod1.jpeg\" alt=\"AFP\" class=\"wp-image-4486407\"\/><\/figure>\n\n\n\n<p>En este sentido, el recinto inform\u00f3 que las tomograf\u00edas realizadas a nueve pacientes que estuvieron infectados con el coronavirus mostraron im\u00e1genes similares a la de&nbsp;<strong>\u2018vidrio congelado\u2019,<\/strong>&nbsp;lo que da la impresi\u00f3n que los pulmones quedaron con da\u00f1os.<\/p>\n\n\n\n<p>Por ahora, Owen Tsang Tak-yin indic\u00f3 que una vez que se controle la pandemia ser\u00e1 obligatorio observar los efectos a largo plazo de este virus, que hasta ahora ha dejado perplejos al mundo cient\u00edfico por su r\u00e1pida propagaci\u00f3n.<\/p>\n\n\n\n<p>Uno de ellos, profundiz\u00f3 el doctor, ser\u00edan los casos de<strong>&nbsp;fibrosis pulmonar<\/strong>&nbsp;en personas, lo que consiste en el endurecimiento de los tejidos del pulm\u00f3n.<\/p>\n\n\n\n<p>Por ahora, desde el centro indicaron que los pacientes dados de alta deber\u00e1n realizar actividad f\u00edsica paulatina para ir recuperando su capacidad pulmonar.<\/p>\n\n\n\n<p>Cabe se\u00f1alar que China, pa\u00eds que declar\u00f3 haber controlado el punto m\u00e1ximo de contagios, realizar\u00e1 estudios del remedio\u00a0remdesivir, para ver su efectividad con el coronavirus.<\/p>\n","protected":false},"excerpt":{"rendered":"<p>El pasado viernes, autoridades sanitarias de la Red Hospitalaria de Hong Kong entregaron una informaci\u00f3n preocupante que tiene relaci\u00f3n con las personas que se han&hellip; <\/p>\n","protected":false},"author":2,"featured_media":21973,"comment_status":"open","ping_status":"closed","sticky":false,"template":"","format":"standard","meta":{"footnotes":""},"categories":[37],"tags":[],"class_list":["post-21972","post","type-post","status-publish","format-standard","has-post-thumbnail","hentry","category-nacional"],"_links":{"self":[{"href":"https:\/\/www.radioamigavallenar.cl\/index.php?rest_route=\/wp\/v2\/posts\/21972","targetHints":{"allow":["GET"]}}],"collection":[{"href":"https:\/\/www.radioamigavallenar.cl\/index.php?rest_route=\/wp\/v2\/posts"}],"about":[{"href":"https:\/\/www.radioamigavallenar.cl\/index.php?rest_route=\/wp\/v2\/types\/post"}],"author":[{"embeddable":true,"href":"https:\/\/www.radioamigavallenar.cl\/index.php?rest_route=\/wp\/v2\/users\/2"}],"replies":[{"embeddable":true,"href":"https:\/\/www.radioamigavallenar.cl\/index.php?rest_route=%2Fwp%2Fv2%2Fcomments&post=21972"}],"version-history":[{"count":0,"href":"https:\/\/www.radioamigavallenar.cl\/index.php?rest_route=\/wp\/v2\/posts\/21972\/revisions"}],"wp:featuredmedia":[{"embeddable":true,"href":"https:\/\/www.radioamigavallenar.cl\/index.php?rest_route=\/wp\/v2\/media\/21973"}],"wp:attachment":[{"href":"https:\/\/www.radioamigavallenar.cl\/index.php?rest_route=%2Fwp%2Fv2%2Fmedia&parent=21972"}],"wp:term":[{"taxonomy":"category","embeddable":true,"href":"https:\/\/www.radioamigavallenar.cl\/index.php?rest_route=%2Fwp%2Fv2%2Fcategories&post=21972"},{"taxonomy":"post_tag","embeddable":true,"href":"https:\/\/www.radioamigavallenar.cl\/index.php?rest_route=%2Fwp%2Fv2%2Ftags&post=21972"}],"curies":[{"name":"wp","href":"https:\/\/api.w.org\/{rel}","templated":true}]}}