{"id":21963,"date":"2020-03-16T00:01:00","date_gmt":"2020-03-16T03:01:00","guid":{"rendered":"https:\/\/www.radioamigavallenar.cl\/?p=21963"},"modified":"2020-03-15T21:06:34","modified_gmt":"2020-03-16T00:06:34","slug":"salud-primaria-confusam-atacama-enfrenta-el-sars-cov-2","status":"publish","type":"post","link":"https:\/\/www.radioamigavallenar.cl\/?p=21963","title":{"rendered":"Salud Primaria: Confusam Atacama enfrenta el SARS-COV-2"},"content":{"rendered":"\n<div class=\"wp-block-image\"><figure class=\"aligncenter size-large is-resized\"><img loading=\"lazy\" decoding=\"async\" src=\"https:\/\/www.radioamigavallenar.cl\/wp-content\/uploads\/2020\/03\/unnamed-1.jpg\" alt=\"\" class=\"wp-image-21964\" width=\"541\" height=\"360\" srcset=\"https:\/\/www.radioamigavallenar.cl\/wp-content\/uploads\/2020\/03\/unnamed-1.jpg 512w, https:\/\/www.radioamigavallenar.cl\/wp-content\/uploads\/2020\/03\/unnamed-1-300x200.jpg 300w\" sizes=\"auto, (max-width: 541px) 100vw, 541px\" \/><\/figure><\/div>\n\n\n\n<p>A trav\u00e9s de comunicado Confusam &nbsp;Copiapo y Atacama dan a conocer protocoles acciones para enfrentar la llegada de la etapa 3 del COVID -19<\/p>\n\n\n\n<p>\u00abComo dirigentes de CONFUSAM ATACAMA, gremio que agrupa a la gran mayor\u00eda de las y los trabajadores de la Atenci\u00f3n Primaria de nuestra regi\u00f3n, debemos enfrentar de manera adecuada la situaci\u00f3n que vivimos hoy con el Coronavirus, conocido tambi\u00e9n como COVID-19 o SARS-COV-2.<\/p>\n\n\n\n<p>Se ha confirmado a la fecha un caso en la ciudad de Copiap\u00f3, coincidiendo con la entrada a fase 3 de las medidas de contenci\u00f3n de la Pandemia que el MINSAL ha determinado lo que b\u00e1sicamente significa que ya no existe certeza que los contagiados s\u00f3lo vengan del extranjero, y que podr\u00edan estar contagi\u00e1ndose ac\u00e1 en Chile (p\u00e9rdida de trazabilidad).<br>Por lo anterior es fundamental que podamos manejar los protocolos implementados en cada Centro de Atenci\u00f3n de nuestra regi\u00f3n, fiscalizar su implementaci\u00f3n de manera adecuada, y realizar, adem\u00e1s, una campa\u00f1a de prevenci\u00f3n del contagio del virus y apoyo en la campa\u00f1a de vacunaci\u00f3n de Influenza que comienza el lunes 16 de Marzo.<\/p>\n\n\n\n<p><strong>1.- PROTOCOLOS<\/strong><\/p>\n\n\n\n<p>Los protocolos de atenci\u00f3n de un caso sospechosos en un centro de salud son locales, pero cuentan con acciones y espacios est\u00e1ndar que pudiesen manejarse:<\/p>\n\n\n\n<p>a) Detecci\u00f3n de caso: el paciente llegar\u00e1 al SOME en donde el funcionario preguntar\u00e1 por s\u00edntomas que se relacionen con la enfermedad (tos, congesti\u00f3n nasal, dificultad respiratoria, fiebre sobre 38 \u00baC, contacto con alguien contagiado fuera o dentro de Chile, haber viajado a ciudades identificadas en el mundo con epidemia de coronavirus). Si la respuesta es positiva, el funcionario deber\u00e1 entregar mascarilla al paciente y llevarlo a la sala de aislamiento, activando el protocolo.<\/p>\n\n\n\n<p>b) Sala de Aislamiento: la sala de aislamiento ha sido definida por cada centro y verificada por el SSA. Debe contar a lo menos con una camilla, un lavamanos, y una ventana que idealmente de al exterior. Cualquier atenci\u00f3n o procedimiento que se est\u00e9 realizando en el box designado, al activarse el protocolo de sospecha, deber\u00e1 ser suspendido para llevar al paciente. Estando el paciente en la sala de aislamiento llegar\u00e1 el m\u00e9dico a verificar la sospecha (con los epp correspondiente: guantes, delantal pl\u00e1stico o desechable, antiparras o mascara, mascarilla, los que deben ser desechados luego de terminada la atenci\u00f3n).<\/p>\n\n\n\n<p>c) Traslado: el m\u00e9dico al confirmar la sospecha, deber\u00e1 llamar al SAMU para que traslade al paciente al Hospital de Copiap\u00f3 con el fin de poder confirmar mediante prueba la infecci\u00f3n por coronavirus. M\u00e9dico debe entregar al paciente al m\u00e9dico que recibe en Copiap\u00f3.<\/p>\n\n\n\n<p>d) Aseo Terminal: terminada la evaluaci\u00f3n y trasladado el paciente, se deber\u00e1 realizar un aseo terminal en el box de aislamiento, para que pueda seguir siendo utilizado de manera normal.<\/p>\n\n\n\n<p><strong>2.- MEDIDAS B\u00c1SICAS PARA PREVENIR EL CONTAGIO<\/strong><\/p>\n\n\n\n<p>Las medidas b\u00e1sicas que debemos promover y tomar nosotros mismos como funcionarios de la salud son las siguientes:<\/p>\n\n\n\n<p>a) Evitar contacto con pacientes sospechosos o respiratorios: es fundamental tratar de evitar el contacto con pacientes sintom\u00e1ticos, sobretodo en espacios cerrados o sin ventilaci\u00f3n.<br>b) Lavado de manos: el lavado de manos es vital, y debe hacerse de manera frecuente.<br>c) Evitar llevar manos a ojos, nariz y boca: las manos transportan microorganismos que pueden infectar nuestras v\u00edas respiratorias, y sobretodo el coronavirus que es altamente contagiable.<br>d) Utilizar pa\u00f1uelos desechables: si estamos contagiados ya sea con coronavirus u otro agente, debemos utilizar papel que sea desechable luego de utilizarlo, tanto para sonarse como para toser y taparse la boca.<br>e) Evitar contacto f\u00edsico con personas sospechosas o sintom\u00e1ticas.<br>f) Realizar cuarentena (14 d\u00edas) en la casa si hay sospecha o confirmaci\u00f3n de contagio para evitar propagaci\u00f3n del virus.<\/p>\n\n\n\n<p><strong>3.- VACUNACI\u00d3N INFLUENZA 2020<\/strong><\/p>\n\n\n\n<p>A pesar que los ojos est\u00e1n puestos en el SARS-COV-2, no podemos olvidar la Influenza, virus con mayor letalidad en nuestra poblaci\u00f3n. Por lo tanto debemos apoyar campa\u00f1a de vacunaci\u00f3n que comenzar\u00e1 este lunes 16 de Marzo, y que seguramente tendr\u00e1 una alta demanda por parte de la poblaci\u00f3n; sin embargo no podemos olvidar que primero se vacuna a la poblaci\u00f3n de riesgo (ni\u00f1os hasta los 10 a\u00f1os, embarazadas, cr\u00f3nicos, adultos mayores), y cubierta dicha poblaci\u00f3n se abre vacunaci\u00f3n a toda la poblaci\u00f3n.<\/p>\n\n\n\n<p><strong>4.- LO QUE VIENE<\/strong><\/p>\n\n\n\n<p>Los expertos recomiendan tomar medidas extremas para evitar situaciones como las de Italia que aumentaron r\u00e1pidamente el contagio, y se ha disparado la mortalidad por el virus. Recomiendan tomar medidas como Corea del Sur que extrem\u00f3 medidas como las cuarentenas masivas (colegios, universidades, espacios p\u00fablicos etc), logrando aplanar la curva de contagios de manera dr\u00e1stica.<br>Sabemos que un colegio de Santiago tom\u00f3 la decisi\u00f3n de activar cuarentena con el fin de evitar el contagio de m\u00e1s alumnos y profesores; el Gobierno ha determinado suspender eventos con m\u00e1s de 500 personas para evitar contagios masivos, a pesar de no limitar el uso del metro y otros medios de transporte.<br>Por todo lo anterior es fundamental que:<\/p>\n\n\n\n<p>a) Estar atentos a las medidas tomadas por la autoridad sanitaria<\/p>\n\n\n\n<p>b) Velar por el cuidado y protecci\u00f3n de las y los trabajadores de nuestros centros con el fin de evitar que sean contagiados.<\/p>\n\n\n\n<p>c) Cuidar de contagio a familiares, amigos, vecinos, etc. que sean m\u00e1s vulnerables y est\u00e9n en riesgo de letalidad (adultos mayores), guardando cuarentena si corresponde.<\/p>\n\n\n\n<p>d) Trabajar con directores de centros nuevos protocolos del manejo de la pandemia, buscando mayor efectividad en la atenci\u00f3n de la poblaci\u00f3n.<\/p>\n\n\n\n<p>Debemos asumir nuestra responsabilidad frente a la coyuntura sanitaria que enfrenta el mundo hoy en d\u00eda, y ser un aporte en la contenci\u00f3n de la propagaci\u00f3n del Coronavirus en nuestras localidades. Y lo m\u00e1s importante es ser un apoyo real a nuestros compa\u00f1eros que trabajar\u00e1n d\u00eda a d\u00eda en la contenci\u00f3n de la pandemia\u00bb.<\/p>\n","protected":false},"excerpt":{"rendered":"<p>A trav\u00e9s de comunicado Confusam &nbsp;Copiapo y Atacama dan a conocer protocoles acciones para enfrentar la llegada de la etapa 3 del COVID -19 \u00abComo&hellip; <\/p>\n","protected":false},"author":2,"featured_media":21964,"comment_status":"open","ping_status":"closed","sticky":false,"template":"","format":"standard","meta":{"footnotes":""},"categories":[7],"tags":[],"class_list":["post-21963","post","type-post","status-publish","format-standard","has-post-thumbnail","hentry","category-atacama"],"_links":{"self":[{"href":"https:\/\/www.radioamigavallenar.cl\/index.php?rest_route=\/wp\/v2\/posts\/21963","targetHints":{"allow":["GET"]}}],"collection":[{"href":"https:\/\/www.radioamigavallenar.cl\/index.php?rest_route=\/wp\/v2\/posts"}],"about":[{"href":"https:\/\/www.radioamigavallenar.cl\/index.php?rest_route=\/wp\/v2\/types\/post"}],"author":[{"embeddable":true,"href":"https:\/\/www.radioamigavallenar.cl\/index.php?rest_route=\/wp\/v2\/users\/2"}],"replies":[{"embeddable":true,"href":"https:\/\/www.radioamigavallenar.cl\/index.php?rest_route=%2Fwp%2Fv2%2Fcomments&post=21963"}],"version-history":[{"count":0,"href":"https:\/\/www.radioamigavallenar.cl\/index.php?rest_route=\/wp\/v2\/posts\/21963\/revisions"}],"wp:featuredmedia":[{"embeddable":true,"href":"https:\/\/www.radioamigavallenar.cl\/index.php?rest_route=\/wp\/v2\/media\/21964"}],"wp:attachment":[{"href":"https:\/\/www.radioamigavallenar.cl\/index.php?rest_route=%2Fwp%2Fv2%2Fmedia&parent=21963"}],"wp:term":[{"taxonomy":"category","embeddable":true,"href":"https:\/\/www.radioamigavallenar.cl\/index.php?rest_route=%2Fwp%2Fv2%2Fcategories&post=21963"},{"taxonomy":"post_tag","embeddable":true,"href":"https:\/\/www.radioamigavallenar.cl\/index.php?rest_route=%2Fwp%2Fv2%2Ftags&post=21963"}],"curies":[{"name":"wp","href":"https:\/\/api.w.org\/{rel}","templated":true}]}}