{"id":21923,"date":"2020-03-14T00:15:34","date_gmt":"2020-03-14T03:15:34","guid":{"rendered":"https:\/\/www.radioamigavallenar.cl\/?p=21923"},"modified":"2020-03-14T00:15:35","modified_gmt":"2020-03-14T03:15:35","slug":"ministro-prokurica-junto-a-enami-dan-respuestas-a-pequenos-mineros-de-combarbala","status":"publish","type":"post","link":"https:\/\/www.radioamigavallenar.cl\/?p=21923","title":{"rendered":"Ministro Prokurica junto a Enami dan respuestas a peque\u00f1os mineros de Combarbal\u00e1"},"content":{"rendered":"\n<div class=\"wp-block-image\"><figure class=\"aligncenter size-large\"><img loading=\"lazy\" decoding=\"async\" width=\"1024\" height=\"683\" src=\"https:\/\/www.radioamigavallenar.cl\/wp-content\/uploads\/2020\/03\/Ministro-Prokurica-junto-a-Enami-dan-respues-tas-a-pequen\u0303os-mineros-de-Combarbala\u0301-2-1024x683-1.jpg\" alt=\"\" class=\"wp-image-21924\" srcset=\"https:\/\/www.radioamigavallenar.cl\/wp-content\/uploads\/2020\/03\/Ministro-Prokurica-junto-a-Enami-dan-respues-tas-a-pequen\u0303os-mineros-de-Combarbala\u0301-2-1024x683-1.jpg 1024w, https:\/\/www.radioamigavallenar.cl\/wp-content\/uploads\/2020\/03\/Ministro-Prokurica-junto-a-Enami-dan-respues-tas-a-pequen\u0303os-mineros-de-Combarbala\u0301-2-1024x683-1-300x200.jpg 300w, https:\/\/www.radioamigavallenar.cl\/wp-content\/uploads\/2020\/03\/Ministro-Prokurica-junto-a-Enami-dan-respues-tas-a-pequen\u0303os-mineros-de-Combarbala\u0301-2-1024x683-1-768x512.jpg 768w\" sizes=\"auto, (max-width: 1024px) 100vw, 1024px\" \/><\/figure><\/div>\n\n\n\n<ul class=\"wp-block-list\"><li><strong><em>El secretario de Estado instruy\u00f3 a la firma estatal apoyar con una bonificaci\u00f3n de US$ 8 por toneladas para mitigar los gastos de transporte de mineral a Ovalle.<\/em><\/strong><\/li><\/ul>\n\n\n\n<p>Tras reunirse junto al ministro de Miner\u00eda, Baldo Prokurica; el vicepresidente Ejecutivo de Enami, Robert Mayne Nicholls; el seremi de la cartera, Roberto Vega; los peque\u00f1os mineros de Combarbal\u00e1, que fueron acompa\u00f1ados por sus dirigentes gremiales; alcalde de la comuna, Pedro Castillo; senador Jorge Pizarro; y diputado Francisco Eguiguren, agradecieron a la autoridad ministerial de dar respuesta a una sentida demanda de los trabajadores respecto al poder comprador impulsado por el gobierno anterior y que signific\u00f3 millonarias p\u00e9rdidas.<\/p>\n\n\n\n<p>\u201cHoy hemos tenido buenos resultados, la Enami se ha comprometido a bonificar con US$ 8 por tonelada el transporte hacia la planta Delta en Ovalle los minerales de sulfuros y \u00f3xidos de cobre y tambi\u00e9n de oro\u201d, enfatiz\u00f3 el secretario de Estado. Agreg\u00f3 que \u201cpero adem\u00e1s de eso, hacer un plan especial para que la empresa estatal se constituya en Combarbal\u00e1 para recorrer junto a aquellos mineros que en este minuto est\u00e1n inactivos\u201d.<\/p>\n\n\n\n<p>Al mismo tiempo, instruy\u00f3 al seremi Roberto Vega que destine un profesional que pueda regularizar a mineros que no est\u00e9n empadronados, les falte permisos de Sernageomin y otras autorizaciones.<\/p>\n\n\n\n<p>El secretario de Estado a\u00f1adi\u00f3 que \u201cles he planteado con claridad que la Enami es una empresa que por ley tiene la obligaci\u00f3n de fomentar la peque\u00f1a y mediana miner\u00eda, pero tenemos que cuidar la empresa porque abrir poderes compradores que despu\u00e9s no tienen la cantidad de minerales que se van a entregar le genera p\u00e9rdidas y problemas que tienen que ser amortiguados por todos los mineros\u201d.<\/p>\n\n\n\n<p>El presidente del Sindicato de Pirquineros y Mineros de Combarbal\u00e1, Juan Carlos Moyano, agradeci\u00f3 esta mesa de trabajo. \u201cEl ministro nos ha dado soluciones y estamos relativamente contentos\u201d.<\/p>\n\n\n\n<p>Por su parte, el minero Ren\u00e9 Saavedra agradeci\u00f3 la presencia de las autoridades. \u201cYo creo que vamos a paliar muchas necesidades en la comuna de Combarbal\u00e1, ya que esto tiene fecha, es una bonificaci\u00f3n por todos los minerales y eso va a tener un impacto muy positivo en la actividad minera y en los mineros de Combarbal\u00e1 que es lo que necesitan\u201d.<\/p>\n\n\n\n<p>En tanto, el alcalde de la comuna, Pedro Castillo, asegur\u00f3 que \u201cquiero valorar la pronta posibilidad de reunirnos con el ministro de Miner\u00eda, Baldo Prokurica y con el vicepresidente Ejecutivo de Enami para poder atender una problem\u00e1tica que es tan compleja en la comuna de Combarbal\u00e1. Ha habido algunas se\u00f1ales que, a nuestro juicio, son positivas porque va a haber una bonificaci\u00f3n que se va a implementar a partir del 1 de abril. Queremos valorar la posibilidad del di\u00e1logo, de poder presentar este problema que es tan relevante; la miner\u00eda es fundamental en la comuna de Combarbal\u00e1, es parte de su historia, de la tradici\u00f3n de los peque\u00f1os pirquineros que han contribuido al desarrollo de nuestra ciudad y ciertamente creemos que de aqu\u00ed puede salir un gran est\u00edmulo para nuestra miner\u00eda local\u201d.<\/p>\n\n\n\n<p>El diputado Francisco Eguiguren se\u00f1al\u00f3 que \u201cdetr\u00e1s de la peque\u00f1a miner\u00eda hay muchas familias, todo lo que ellos producen se queda en la regi\u00f3n, en Combarbal\u00e1 y la verdad son el motor de desarrollo por eso hay que apoyarlos decididamente cueste lo que cueste\u201d.<\/p>\n\n\n\n<p>En cuanto, el senador Pizarro dijo que \u201cel ministro se comprometi\u00f3 a hacer un plan especial que permita que los pirquineros, que hoy d\u00eda no est\u00e1n regularizados, lo puedan hacer a nombre de la Enami\u201d.<\/p>\n","protected":false},"excerpt":{"rendered":"<p>El secretario de Estado instruy\u00f3 a la firma estatal apoyar con una bonificaci\u00f3n de US$ 8 por toneladas para mitigar los gastos de transporte de&hellip; <\/p>\n","protected":false},"author":2,"featured_media":21924,"comment_status":"open","ping_status":"closed","sticky":false,"template":"","format":"standard","meta":{"footnotes":""},"categories":[34,37],"tags":[],"class_list":["post-21923","post","type-post","status-publish","format-standard","has-post-thumbnail","hentry","category-mineria","category-nacional"],"_links":{"self":[{"href":"https:\/\/www.radioamigavallenar.cl\/index.php?rest_route=\/wp\/v2\/posts\/21923","targetHints":{"allow":["GET"]}}],"collection":[{"href":"https:\/\/www.radioamigavallenar.cl\/index.php?rest_route=\/wp\/v2\/posts"}],"about":[{"href":"https:\/\/www.radioamigavallenar.cl\/index.php?rest_route=\/wp\/v2\/types\/post"}],"author":[{"embeddable":true,"href":"https:\/\/www.radioamigavallenar.cl\/index.php?rest_route=\/wp\/v2\/users\/2"}],"replies":[{"embeddable":true,"href":"https:\/\/www.radioamigavallenar.cl\/index.php?rest_route=%2Fwp%2Fv2%2Fcomments&post=21923"}],"version-history":[{"count":0,"href":"https:\/\/www.radioamigavallenar.cl\/index.php?rest_route=\/wp\/v2\/posts\/21923\/revisions"}],"wp:featuredmedia":[{"embeddable":true,"href":"https:\/\/www.radioamigavallenar.cl\/index.php?rest_route=\/wp\/v2\/media\/21924"}],"wp:attachment":[{"href":"https:\/\/www.radioamigavallenar.cl\/index.php?rest_route=%2Fwp%2Fv2%2Fmedia&parent=21923"}],"wp:term":[{"taxonomy":"category","embeddable":true,"href":"https:\/\/www.radioamigavallenar.cl\/index.php?rest_route=%2Fwp%2Fv2%2Fcategories&post=21923"},{"taxonomy":"post_tag","embeddable":true,"href":"https:\/\/www.radioamigavallenar.cl\/index.php?rest_route=%2Fwp%2Fv2%2Ftags&post=21923"}],"curies":[{"name":"wp","href":"https:\/\/api.w.org\/{rel}","templated":true}]}}