{"id":21920,"date":"2020-03-14T00:14:09","date_gmt":"2020-03-14T03:14:09","guid":{"rendered":"https:\/\/www.radioamigavallenar.cl\/?p=21920"},"modified":"2020-03-14T00:14:10","modified_gmt":"2020-03-14T03:14:10","slug":"dirigentes-sociales-desayunaron-con-seremi-de-gobierno-para-conmemorar-en-atacama-los-30-anos-de-la-democracia","status":"publish","type":"post","link":"https:\/\/www.radioamigavallenar.cl\/?p=21920","title":{"rendered":"Dirigentes sociales desayunaron con Seremi de Gobierno para conmemorar en Atacama los 30 a\u00f1os de la democracia"},"content":{"rendered":"\n<div class=\"wp-block-image\"><figure class=\"aligncenter size-large\"><img loading=\"lazy\" decoding=\"async\" width=\"1024\" height=\"658\" src=\"https:\/\/www.radioamigavallenar.cl\/wp-content\/uploads\/2020\/03\/Desayuno-Seremi-1024x658.jpg\" alt=\"\" class=\"wp-image-21921\" srcset=\"https:\/\/www.radioamigavallenar.cl\/wp-content\/uploads\/2020\/03\/Desayuno-Seremi-1024x658.jpg 1024w, https:\/\/www.radioamigavallenar.cl\/wp-content\/uploads\/2020\/03\/Desayuno-Seremi-300x193.jpg 300w, https:\/\/www.radioamigavallenar.cl\/wp-content\/uploads\/2020\/03\/Desayuno-Seremi-768x494.jpg 768w, https:\/\/www.radioamigavallenar.cl\/wp-content\/uploads\/2020\/03\/Desayuno-Seremi.jpg 1268w\" sizes=\"auto, (max-width: 1024px) 100vw, 1024px\" \/><\/figure><\/div>\n\n\n\n<ul class=\"wp-block-list\"><li><strong><em>Odila Reyes, presidenta de la Agrupaci\u00f3n de Diab\u00e9ticos Desierto Florido; Kiriarth Campillay, presidente de la comunidad Diaguita Coraz\u00f3n Arco Iris, Olga Cort\u00e9s, presidenta de la comunidad Diaguita Amaynar y Leopoldo Frost, presidente del club de adultos mayores Renacer, fueron algunos de los asistentes.<\/em><\/strong><\/li><\/ul>\n\n\n\n<p>En el marco de un desayuno cercano y con el objetivo de poder dialogar sobre la historia, la actualidad y la contingencia, la Secretaria Regional Ministerial de Gobierno, Mar\u00eda Francisca Plaza Velis, se reuni\u00f3 con dirigentes sociales de la regi\u00f3n de Atacama en Copiap\u00f3.<\/p>\n\n\n\n<p>En el encuentro, los asistentes valoraron la oportunidad. La autoridad plante\u00f3 diferentes tem\u00e1ticas para abordar y para comenzar a trabajar en beneficio de los vecinos y vecinas de la regi\u00f3n.<\/p>\n\n\n\n<p>Tras culminar la reuni\u00f3n, la Seremi afirm\u00f3 que \u201ctal como lo expres\u00f3 nuestro Presidente Sebasti\u00e1n Pi\u00f1era, en estos a\u00f1os se han construido instituciones s\u00f3lidas, han crecido los ingresos y el desarrollo econ\u00f3mico, social y humano, se redujo la pobreza y las desigualdades y surgi\u00f3 una amplia y pujante clase media\u201d.<\/p>\n\n\n\n<p>\u201cHoy nuestro objetivo principal, es continuar apelando al di\u00e1logo franco y a los acuerdos con todos los sectores de la sociedad, para seguir dando pasos con mayor celeridad en materia de igualdad y equidad social, que es lo que la gente nos ha pedido\u201d, argument\u00f3 la autoridad.<\/p>\n\n\n\n<p>Por su parte, Leopoldo Frost, representante del club del adulto mayor \u201cRenacer 25M\u201d, declar\u00f3 que \u201cesta reuni\u00f3n, a la que hoy nos convoc\u00f3 la Seremi fue excelente porque as\u00ed escucha sobre los dirigentes sociales su opini\u00f3n sobre la situaci\u00f3n actual. La situaci\u00f3n amerita que todos nos pongamos m\u00ednimamente de acuerdo en sacar esto a delante tanto de un lado, como de otro. Para lograr la paz social necesitamos acuerdos\u201d.<\/p>\n\n\n\n<p>En el desayuno participaron Regina Reygadas, presidenta de la comunidad Diaguita Camasquil; Antonia Iriarte, presidenta de la comunidad Diaguita Ayll\u00fa; Odila Reyes, presidenta de la Agrupaci\u00f3n de Diab\u00e9ticos Desierto Florido; Kiriarth Campillay, presidente de la comunidad Diaguita Coraz\u00f3n Arco Iris, Olga Cort\u00e9s, presidenta de la comunidad Diaguita Amaynar y Leopoldo Frost, presidente del club de adultos mayores Renacer, fueron algunos de los asistentes.<\/p>\n\n\n\n<p class=\"has-text-align-center\"><strong>Agenda Social<\/strong><\/p>\n\n\n\n<p>La Seremi Mar\u00eda Francisca Plaza Velis tambi\u00e9n aprovech\u00f3 la instancia para destacar los avances que ha realizado el Gobierno, enmarcados en una Nueva Agenda Social, enfocada en ayudar a los sectores m\u00e1s vulnerables, mujeres y clase media.<\/p>\n\n\n\n<p>\u201cEsta agenda comenz\u00f3 con 16 propuestas, a las que se han ido sumando aportes de distintos sectores pol\u00edticos, llegando hoy a 23. La \u00fanica forma para avanzar y construir el Chile que queremos todos, es con acuerdos, con iniciativas, con propuestas y trabajo con sentido de unidad y responsabilidad\u201d, argument\u00f3 la vocera regional del Gobierno.<\/p>\n\n\n\n<p>Entre los proyectos ya despachados se cuentan:<\/p>\n\n\n\n<p>1- Ley Corta de Pensiones, que beneficia a m\u00e1s de 1 mill\u00f3n 600 mil personas del Pilar Solidario.<\/p>\n\n\n\n<p>2- Estabilizaci\u00f3n de las Tarifas El\u00e9ctricas, que congel\u00f3 el alza de las cuentas de la luz beneficiando a 6,1 millones de clientes regulados.<\/p>\n\n\n\n<p>3- Congelamiento del Alza de Tarifa del Transporte P\u00fablico.<\/p>\n\n\n\n<p>4- Intermediaci\u00f3n de Cenabast, para bajar el precio de los medicamentos en hasta un 70%.<\/p>\n\n\n\n<p>5- Bono Extraordinario de Apoyo Familiar, que entrega $50 mil por carga familiar.<\/p>\n\n\n\n<p>6- Ley ProPyme, que permite, entre otras cosas, a las mipymes adelantar su devoluci\u00f3n de impuestos.<\/p>\n\n\n\n<p>7- Modernizaci\u00f3n Tributaria, que entre otras cosas, permite disminuir o eliminar las contribuciones de los adultos mayores, beneficiando aproximadamente a 100 mil personas.<\/p>\n\n\n\n<p>8- Capitalizaci\u00f3n de US$ 500 millones al Banco Estado para asegurar el acceso a financiamiento a personas y pymes, beneficiando a m\u00e1s de 900 mil micro, peque\u00f1as y medianas empresas.<\/p>\n\n\n\n<p>9- Norma que adelanta la entrada en vigencia de Ley de Pago a 30 d\u00edas.<\/p>\n\n\n\n<p>10- Consultorio Seguro, que establece sanciones especiales a quienes agredan a funcionarios de la salud p\u00fablica o privada.<\/p>\n\n\n\n<p>11- Subsidio al transporte p\u00fablico remunerado de pasajeros.<\/p>\n","protected":false},"excerpt":{"rendered":"<p>Odila Reyes, presidenta de la Agrupaci\u00f3n de Diab\u00e9ticos Desierto Florido; Kiriarth Campillay, presidente de la comunidad Diaguita Coraz\u00f3n Arco Iris, Olga Cort\u00e9s, presidenta de la&hellip; <\/p>\n","protected":false},"author":2,"featured_media":21921,"comment_status":"open","ping_status":"closed","sticky":false,"template":"","format":"standard","meta":{"footnotes":""},"categories":[7],"tags":[],"class_list":["post-21920","post","type-post","status-publish","format-standard","has-post-thumbnail","hentry","category-atacama"],"_links":{"self":[{"href":"https:\/\/www.radioamigavallenar.cl\/index.php?rest_route=\/wp\/v2\/posts\/21920","targetHints":{"allow":["GET"]}}],"collection":[{"href":"https:\/\/www.radioamigavallenar.cl\/index.php?rest_route=\/wp\/v2\/posts"}],"about":[{"href":"https:\/\/www.radioamigavallenar.cl\/index.php?rest_route=\/wp\/v2\/types\/post"}],"author":[{"embeddable":true,"href":"https:\/\/www.radioamigavallenar.cl\/index.php?rest_route=\/wp\/v2\/users\/2"}],"replies":[{"embeddable":true,"href":"https:\/\/www.radioamigavallenar.cl\/index.php?rest_route=%2Fwp%2Fv2%2Fcomments&post=21920"}],"version-history":[{"count":0,"href":"https:\/\/www.radioamigavallenar.cl\/index.php?rest_route=\/wp\/v2\/posts\/21920\/revisions"}],"wp:featuredmedia":[{"embeddable":true,"href":"https:\/\/www.radioamigavallenar.cl\/index.php?rest_route=\/wp\/v2\/media\/21921"}],"wp:attachment":[{"href":"https:\/\/www.radioamigavallenar.cl\/index.php?rest_route=%2Fwp%2Fv2%2Fmedia&parent=21920"}],"wp:term":[{"taxonomy":"category","embeddable":true,"href":"https:\/\/www.radioamigavallenar.cl\/index.php?rest_route=%2Fwp%2Fv2%2Fcategories&post=21920"},{"taxonomy":"post_tag","embeddable":true,"href":"https:\/\/www.radioamigavallenar.cl\/index.php?rest_route=%2Fwp%2Fv2%2Ftags&post=21920"}],"curies":[{"name":"wp","href":"https:\/\/api.w.org\/{rel}","templated":true}]}}