{"id":21918,"date":"2020-03-14T00:12:25","date_gmt":"2020-03-14T03:12:25","guid":{"rendered":"https:\/\/www.radioamigavallenar.cl\/?p=21918"},"modified":"2020-03-14T00:12:26","modified_gmt":"2020-03-14T03:12:26","slug":"avanza-elaboracion-del-plan-regional-de-cambio-climatico-de-atacama","status":"publish","type":"post","link":"https:\/\/www.radioamigavallenar.cl\/?p=21918","title":{"rendered":"Avanza elaboraci\u00f3n del Plan Regional de Cambio Clim\u00e1tico de Atacama."},"content":{"rendered":"\n<p>La protecci\u00f3n de la biodiversidad, el recurso h\u00eddrico, la econom\u00eda regional, energ\u00eda, y el crecimiento arm\u00f3nico de las ciudades son los principales lineamientos del anteproyecto de Plan Regional de Cambio Clim\u00e1tico.<\/p>\n\n\n\n<p>Una nueva reuni\u00f3n de trabajo realizaron profesionales de la Seremi del Medio Ambiente en el marco de la elaboraci\u00f3n del Plan Regional del Cambio Clim\u00e1tico, en base a una primera propuesta de la visi\u00f3n estrat\u00e9gica de largo plazo, los lineamientos estrat\u00e9gicos de la Regi\u00f3n, y los objetivos y metas regionales.<\/p>\n\n\n\n<p>Durante la reuni\u00f3n, se conform\u00f3 una mesa t\u00e9cnica de diversos servicios asesores en materia de Cambio Clim\u00e1tico e invitados, tales como la Seremi de Agricultura, Seremi de Obras P\u00fablicas, Seremi MINVU, ONEMI, C\u00e1mara Chilena de la Construcci\u00f3n, UDA, CRIDESAT, CONAF, DIPLADE, CNR , DGA, SERVIU y un equipo t\u00e9cnico multisectorial de la Seremi de Medio Ambiente, entre otros servicios.<\/p>\n\n\n\n<p>Durante el taller se inform\u00f3 sobre los lineamientos del sector Biodiversidad, donde se destaca la conservaci\u00f3n de los ecosistemas y especies ante el Cambio Clim\u00e1tico, a trav\u00e9s del uso sustentable del Patrimonio Natural.<\/p>\n\n\n\n<p>Sobre el Recurso H\u00eddrico, se busca garantizar el uso eficiente, la calidad del recurso en la regi\u00f3n, resguardo de fuentes de agua, considerando la vulnerabilidad de este frente al Cambio Clim\u00e1tico, la realidad Territorial y los riesgos asociados a inundaciones.<\/p>\n\n\n\n<p>En la parte econ\u00f3mica, se promueve una econom\u00eda diversificada a partir del desarrollo sustentable, disminuyendo la vulnerabilidad y aumentando la resiliencia frente al Cambio Clim\u00e1tico<\/p>\n\n\n\n<p>En relaci\u00f3n a Energ\u00eda se buscar\u00e1 establecer las Energ\u00edas Renovables como medida vinculada a la Mitigaci\u00f3n obligatoria a nivel Regional.<\/p>\n\n\n\n<p>Para las ciudades se espera un crecimiento arm\u00f3nico, considerando la adaptaci\u00f3n en los servicios de infraestructura, disponibilidad, eficiencia del recurso h\u00eddrico y la necesidad de avanzar en una arquitectura acorde a zonas \u00e1ridas.<\/p>\n\n\n\n<p>En esa l\u00ednea, el Seremi Guillermo Ready afirm\u00f3 que \u201cel plan regional de Cambio Clim\u00e1tico para Atacama se justifica, primero, por su alta vulnerabilidad, sequ\u00eda cr\u00f3nica, disminuci\u00f3n de glaciares, aluviones destructivos, y segundo, por el potencial que tienen las Energ\u00edas solar, E\u00f3lica y Geot\u00e9rmica asociada a mitigaci\u00f3n de gases de efecto invernadero\u201d.<\/p>\n\n\n\n<p>El Seremi Ready agreg\u00f3 que \u201cel proceso es liderado por la Seremi del Medio Ambiente con el fin de recoger las consultas, inquietudes, opiniones y experiencias de todos los actores de la sociedad, realizando un proceso participativo, amplio y con expresi\u00f3n regional\u201d<\/p>\n\n\n\n<p>El proceso de elaboraci\u00f3n continuara con an\u00e1lisis de medidas, tomando las miradas de otros actores tanto p\u00fablicos, privados y sociedad civil.<\/p>\n","protected":false},"excerpt":{"rendered":"<p>La protecci\u00f3n de la biodiversidad, el recurso h\u00eddrico, la econom\u00eda regional, energ\u00eda, y el crecimiento arm\u00f3nico de las ciudades son los principales lineamientos del anteproyecto&hellip; <\/p>\n","protected":false},"author":2,"featured_media":21916,"comment_status":"open","ping_status":"closed","sticky":false,"template":"","format":"standard","meta":{"footnotes":""},"categories":[7],"tags":[],"class_list":["post-21918","post","type-post","status-publish","format-standard","has-post-thumbnail","hentry","category-atacama"],"_links":{"self":[{"href":"https:\/\/www.radioamigavallenar.cl\/index.php?rest_route=\/wp\/v2\/posts\/21918","targetHints":{"allow":["GET"]}}],"collection":[{"href":"https:\/\/www.radioamigavallenar.cl\/index.php?rest_route=\/wp\/v2\/posts"}],"about":[{"href":"https:\/\/www.radioamigavallenar.cl\/index.php?rest_route=\/wp\/v2\/types\/post"}],"author":[{"embeddable":true,"href":"https:\/\/www.radioamigavallenar.cl\/index.php?rest_route=\/wp\/v2\/users\/2"}],"replies":[{"embeddable":true,"href":"https:\/\/www.radioamigavallenar.cl\/index.php?rest_route=%2Fwp%2Fv2%2Fcomments&post=21918"}],"version-history":[{"count":0,"href":"https:\/\/www.radioamigavallenar.cl\/index.php?rest_route=\/wp\/v2\/posts\/21918\/revisions"}],"wp:featuredmedia":[{"embeddable":true,"href":"https:\/\/www.radioamigavallenar.cl\/index.php?rest_route=\/wp\/v2\/media\/21916"}],"wp:attachment":[{"href":"https:\/\/www.radioamigavallenar.cl\/index.php?rest_route=%2Fwp%2Fv2%2Fmedia&parent=21918"}],"wp:term":[{"taxonomy":"category","embeddable":true,"href":"https:\/\/www.radioamigavallenar.cl\/index.php?rest_route=%2Fwp%2Fv2%2Fcategories&post=21918"},{"taxonomy":"post_tag","embeddable":true,"href":"https:\/\/www.radioamigavallenar.cl\/index.php?rest_route=%2Fwp%2Fv2%2Ftags&post=21918"}],"curies":[{"name":"wp","href":"https:\/\/api.w.org\/{rel}","templated":true}]}}